{"id":1720,"date":"2024-09-17T01:11:04","date_gmt":"2024-09-17T01:11:04","guid":{"rendered":"https:\/\/timtierneyottawa.ca\/?p=1720"},"modified":"2024-11-05T18:09:35","modified_gmt":"2024-11-05T18:09:35","slug":"des-casiers-securitaires-pour-le-stationnement-des-velos-sont-maintenant-offerts","status":"publish","type":"post","link":"https:\/\/timtierneyottawa.ca\/?p=1720&lang=fr","title":{"rendered":"Des casiers s\u00e9curitaires pour le stationnement des v\u00e9los sont maintenant offerts!"},"content":{"rendered":"\r\n\r\nAvis \u00e0 tous les passionn\u00e9s de cyclisme d\u2019Ottawa! La Ville d\u2019Ottawa propose d\u00e9sormais une nouvelle solution novatrice de stationnement des v\u00e9los pour les cyclistes qui se d\u00e9placent dans le centre\u2011ville.\u00a0Nos nouveaux casiers s\u00e9curitaires pour le stationnement des v\u00e9los, situ\u00e9s \u00e0 trois destinations cl\u00e9s, offrent aux r\u00e9sidents et aux visiteurs une\u00a0<em>option<\/em><em>\u00a0<\/em>de haute qualit\u00e9 et s\u00e9curitaire pour le rangement de leurs v\u00e9los pendant qu\u2019ils profitent de tout ce que notre ville\u00a0<em>a<\/em><em>\u00a0<\/em>\u00e0 offrir.\r\n\r\n\r\n\r\n\r\n\r\nIl s\u2019agit d\u2019un \u00e9l\u00e9ment important de la mise en \u0153uvre de la\u00a0<a href=\"https:\/\/ottawa.ca\/fr\/stationnement-routes-et-deplacements\/stationnement\/strategie-de-gestion-du-stationnement-et-etudes-sur-le-stationnement#section-99737802-71da-4452-8c5c-94a24e51fc5f\">Strat\u00e9gie de stationnement public pour v\u00e9los<\/a>\u00a0de la Ville et constitue un \u00e9l\u00e9ment cl\u00e9 pour encourager et promouvoir le cyclisme dans la capitale nationale.\r\n\r\n\r\n\r\n\r\n\r\nLes casiers s\u00e9curitaires pour le stationnement des v\u00e9los se trouvent aux destinations cl\u00e9s suivantes\u00a0:\r\n\r\n\r\n\r\n\r\n<ul class=\"wp-block-list\">\r\n \t<li style=\"list-style-type: none;\">\r\n<ul>\r\n \t<li>March\u00e9\u00a0By\u00a0: 141, rue Clarence, le long du mur ouest \u00e0 l\u2019int\u00e9rieur du garage de stationnement, pr\u00e8s de la sortie donnant sur la rue Murray;<\/li>\r\n<\/ul>\r\n<\/li>\r\n<\/ul>\r\n\r\n\r\n\r\n<ul>\r\n \t<li style=\"list-style-type: none;\">\r\n<ul>\r\n \t<li>Le Glebe\u00a0: 170, avenue Second, \u00e0 l\u2019ext\u00e9rieur du garage de stationnement Glebe, pr\u00e8s de l\u2019acc\u00e8s sur l\u2019avenue Second;<\/li>\r\n<\/ul>\r\n<\/li>\r\n<\/ul>\r\n\r\n\r\n\r\n<ul>\r\n \t<li style=\"list-style-type: none;\">\r\n<ul>\r\n \t<li>Centre-ville\u00a0: 234-250, rue Slater, dans le parc de stationnement en surface adjacent au trottoir<\/li>\r\n<\/ul>\r\n<\/li>\r\n<\/ul>\r\n\r\n\r\n\r\n<ul>\r\n \t<li style=\"list-style-type: none;\">\r\n<ul>\r\n \t<li>D\u2019autres emplacements \u00e0 venir!<\/li>\r\n<\/ul>\r\n<\/li>\r\n<\/ul>\r\n\r\n\r\n\r\n\r\n\r\n<figure class=\"wp-block-image\"><img decoding=\"async\" src=\"https:\/\/ottawa.ca\/sites\/default\/files\/styles\/rectangle_xs\/public\/2024-09\/Sept%2011%20-%20Social%20-%20Secure%20Bike%20Storage.jpg?itok=3deidq8L\" alt=\"A secure bike storage locker with three lockers visible. The locker is covered in blue and green circular designs and cartoon bicycles.\" \/><\/figure>\r\n\r\n\r\n\r\n\r\n<strong>Utilisation des casiers<\/strong>\r\n\r\n\r\n\r\n\r\n<ul class=\"wp-block-list\">\r\n \t<li style=\"list-style-type: none;\">\r\n<ul>\r\n \t<li>Chaque casier peut contenir six v\u00e9los.<\/li>\r\n<\/ul>\r\n<\/li>\r\n<\/ul>\r\n\r\n\r\n\r\n<ul>\r\n \t<li style=\"list-style-type: none;\">\r\n<ul>\r\n \t<li>T\u00e9l\u00e9chargez l\u2019application V\u00e9lo-Transit sur votre appareil\u00a0<a href=\"https:\/\/play.google.com\/store\/apps\/details?id=com.velotransit.android&amp;hl=fr_CA&amp;gl=US\" target=\"_blank\" rel=\"noreferrer noopener\">Android(lien externe)<\/a>\u00a0ou\u00a0<a href=\"https:\/\/apps.apple.com\/ca\/app\/v%C3%A9lo-transit\/id1484733099\" target=\"_blank\" rel=\"noreferrer noopener\">Apple(lien externe)<\/a>.<\/li>\r\n<\/ul>\r\n<\/li>\r\n<\/ul>\r\n\r\n\r\n\r\n<ul>\r\n \t<li style=\"list-style-type: none;\">\r\n<ul>\r\n \t<li>Cr\u00e9ez un compte et choisissez l\u2019emplacement d\u00e9sir\u00e9. Les casiers sont attribu\u00e9s suivant le principe du premier arriv\u00e9, premier servi.<\/li>\r\n<\/ul>\r\n<\/li>\r\n<\/ul>\r\n\r\n\r\n\r\n<ul>\r\n \t<li style=\"list-style-type: none;\">\r\n<ul>\r\n \t<li>S\u00e9lectionnez \u00ab\u00a0paiement \u00e0 l\u2019utilisation\u00a0\u00bb, suivi du num\u00e9ro de casier auquel vous voulez avoir acc\u00e8s.<\/li>\r\n<\/ul>\r\n<\/li>\r\n<\/ul>\r\n\r\n\r\n\r\n<ul>\r\n \t<li style=\"list-style-type: none;\">\r\n<ul>\r\n \t<li>Inscrivez les d\u00e9tails du paiement et confirmez le d\u00e9but de la location.<\/li>\r\n<\/ul>\r\n<\/li>\r\n<\/ul>\r\n\r\n\r\n\r\n<ul>\r\n \t<li style=\"list-style-type: none;\">\r\n<ul>\r\n \t<li>S\u00e9lectionnez \u00ab\u00a0Ouvrir la porte\u00a0\u00bb et attendez environ 30\u00a0secondes.<\/li>\r\n<\/ul>\r\n<\/li>\r\n<\/ul>\r\n\r\n\r\n\r\n<ul>\r\n \t<li style=\"list-style-type: none;\">\r\n<ul>\r\n \t<li>Rangez votre v\u00e9lo en d\u00e9posant \u00e0 plat votre appareil mobile sur le verrou pendant 5\u00a0secondes pour le d\u00e9verrouiller. La porte se verrouille automatiquement au bout de 8\u00a0secondes ou d\u00e8s qu\u2019elle se referme.<\/li>\r\n<\/ul>\r\n<\/li>\r\n<\/ul>\r\n\r\n\r\n\r\n<ul>\r\n \t<li style=\"list-style-type: none;\">\r\n<ul>\r\n \t<li>R\u00e9cup\u00e9rez votre v\u00e9lo en suivant les \u00e9tapes pr\u00e9c\u00e9dentes pour d\u00e9verrouiller le casier.<\/li>\r\n<\/ul>\r\n<\/li>\r\n<\/ul>\r\n\r\n\r\n\r\n<ul>\r\n \t<li style=\"list-style-type: none;\">\r\n<ul>\r\n \t<li>Pour cesser la location, cliquez sur \u00ab\u00a0Fin de location ou arr\u00eater le service\u00a0\u00bb dans l\u2019application V\u00e9lo-Transit.<\/li>\r\n<\/ul>\r\n<\/li>\r\n<\/ul>\r\n\r\n\r\n\r\n\r\n\r\n\r\n<strong>Frais<\/strong>\r\n\r\n\r\n\r\n\r\n<ul class=\"wp-block-list\">\r\n \t<li style=\"list-style-type: none;\">\r\n<ul>\r\n \t<li>Deux premi\u00e8res heures\u00a0: gratuit<\/li>\r\n<\/ul>\r\n<\/li>\r\n<\/ul>\r\n\r\n\r\n\r\n<ul>\r\n \t<li style=\"list-style-type: none;\">\r\n<ul>\r\n \t<li>Chaque heure suppl\u00e9mentaire\u00a0: 0,50\u00a0$\/heure<\/li>\r\n<\/ul>\r\n<\/li>\r\n<\/ul>\r\n\r\n\r\n\r\n<ul>\r\n \t<li style=\"list-style-type: none;\">\r\n<ul>\r\n \t<li>La p\u00e9riode de location se poursuit jusqu\u2019\u00e0 ce que l\u2019utilisateur y mette fin par l\u2019entremise de l\u2019application V\u00e9lo-Transit.<\/li>\r\n<\/ul>\r\n<\/li>\r\n<\/ul>\r\n\r\n\r\n\r\n\r\n\r\n<figure class=\"wp-block-image\"><img decoding=\"async\" src=\"https:\/\/ottawa.ca\/sites\/default\/files\/styles\/rectangle_xs\/public\/2024-09\/Secure%20Bike%20Storage%20Image%202.png?itok=ksq7QMT9\" alt=\"A close up on a pair of hands holding a phone, closing the VeloTransit app. A bicycle seat and storage locker are visible in the background.\" \/><\/figure>\r\n\r\n\r\n\r\n\r\nCette \u00e9tape initiale d\u2019installation de casiers \u00e0 v\u00e9los fera l\u2019objet d\u2019un suivi afin de d\u00e9terminer les prochaines mesures possibles pour ajuster et \u00e9largir le programme. Alors, t\u00e9l\u00e9chargez l\u2019application V\u00e9lo-Transit, r\u00e9servez votre place et partez \u00e0 v\u00e9lo!\r\n\r\n\r\n\r\n\r\n\r\nPour en savoir plus sur les programmes et\u00a0services\u00a0de la Ville, consultez\u00a0<a href=\"http:\/\/ottawa.ca\/fr\">ottawa.ca<\/a>\u00a0ou composez le 3\u20111\u20111 (ATS\u00a0: 613-580-2401) ou le 613-580-2400 pour joindre la Ville en utilisant le Service\u00a0de relais vid\u00e9o canadien. Vous pouvez \u00e9galement communiquer avec nous sur\u00a0<a href=\"https:\/\/www.facebook.com\/villedottawa\" target=\"_blank\" rel=\"noreferrer noopener\">Facebook(lien externe)<\/a>,\u00a0<a href=\"https:\/\/twitter.com\/ottawaville\" target=\"_blank\" rel=\"noreferrer noopener\">X (anciennement Twitter)(lien externe)<\/a>\u00a0et\u00a0<a href=\"https:\/\/www.instagram.com\/villedottawa\/\" target=\"_blank\" rel=\"noreferrer noopener\">Instagram(lien externe)<\/a>.\r\n\r\n","protected":false},"excerpt":{"rendered":"<p>Avis \u00e0 tous les passionn\u00e9s de cyclisme d\u2019Ottawa! La Ville d\u2019Ottawa propose d\u00e9sormais une nouvelle solution novatrice de stationnement des v\u00e9los pour les cyclistes qui se d\u00e9placent dans le centre\u2011ville.\u00a0Nos nouveaux casiers s\u00e9curitaires pour le stationnement des v\u00e9los, situ\u00e9s \u00e0 trois destinations cl\u00e9s, offrent aux r\u00e9sidents et aux visiteurs une\u00a0option\u00a0de haute qualit\u00e9 et s\u00e9curitaire pour le rangement de leurs v\u00e9los pendant qu\u2019ils profitent de tout ce que notre ville\u00a0a\u00a0\u00e0 offrir.<\/p>\n","protected":false},"author":1,"featured_media":1717,"comment_status":"open","ping_status":"open","sticky":false,"template":"","format":"standard","meta":{"give_campaign_id":0,"_monsterinsights_skip_tracking":false,"_monsterinsights_sitenote_active":false,"_monsterinsights_sitenote_note":"","_monsterinsights_sitenote_category":0,"footnotes":""},"categories":[80],"tags":[],"class_list":["post-1720","post","type-post","status-publish","format-standard","has-post-thumbnail","hentry","category-gouvernement-fr"],"aioseo_notices":[],"rttpg_featured_image_url":{"full":["https:\/\/timtierneyottawa.ca\/wp-content\/uploads\/2024\/09\/Sept-11-Social-Secure-Bike-Storage.jpg",1146,764,false],"landscape":["https:\/\/timtierneyottawa.ca\/wp-content\/uploads\/2024\/09\/Sept-11-Social-Secure-Bike-Storage.jpg",1146,764,false],"portraits":["https:\/\/timtierneyottawa.ca\/wp-content\/uploads\/2024\/09\/Sept-11-Social-Secure-Bike-Storage.jpg",1146,764,false],"thumbnail":["https:\/\/timtierneyottawa.ca\/wp-content\/uploads\/2024\/09\/Sept-11-Social-Secure-Bike-Storage-150x150.jpg",150,150,true],"medium":["https:\/\/timtierneyottawa.ca\/wp-content\/uploads\/2024\/09\/Sept-11-Social-Secure-Bike-Storage-300x200.jpg",300,200,true],"large":["https:\/\/timtierneyottawa.ca\/wp-content\/uploads\/2024\/09\/Sept-11-Social-Secure-Bike-Storage-1024x683.jpg",1024,683,true],"1536x1536":["https:\/\/timtierneyottawa.ca\/wp-content\/uploads\/2024\/09\/Sept-11-Social-Secure-Bike-Storage.jpg",1146,764,false],"2048x2048":["https:\/\/timtierneyottawa.ca\/wp-content\/uploads\/2024\/09\/Sept-11-Social-Secure-Bike-Storage.jpg",1146,764,false],"inforward-post-grid":["https:\/\/timtierneyottawa.ca\/wp-content\/uploads\/2024\/09\/Sept-11-Social-Secure-Bike-Storage-750x450.jpg",750,450,true],"inforward-full":["https:\/\/timtierneyottawa.ca\/wp-content\/uploads\/2024\/09\/Sept-11-Social-Secure-Bike-Storage-1146x480.jpg",1146,480,true],"inforward-post-full":["https:\/\/timtierneyottawa.ca\/wp-content\/uploads\/2024\/09\/Sept-11-Social-Secure-Bike-Storage-1140x600.jpg",1140,600,true],"inforward-related-posts-image":["https:\/\/timtierneyottawa.ca\/wp-content\/uploads\/2024\/09\/Sept-11-Social-Secure-Bike-Storage-230x150.jpg",230,150,true],"inforward-portfolio-small-image":["https:\/\/timtierneyottawa.ca\/wp-content\/uploads\/2024\/09\/Sept-11-Social-Secure-Bike-Storage-360x260.jpg",360,260,true],"inforward-portfolio-big-image":["https:\/\/timtierneyottawa.ca\/wp-content\/uploads\/2024\/09\/Sept-11-Social-Secure-Bike-Storage-555x380.jpg",555,380,true],"inforward-testimonial":["https:\/\/timtierneyottawa.ca\/wp-content\/uploads\/2024\/09\/Sept-11-Social-Secure-Bike-Storage-263x263.jpg",263,263,true],"inforward-events-slider":["https:\/\/timtierneyottawa.ca\/wp-content\/uploads\/2024\/09\/Sept-11-Social-Secure-Bike-Storage-768x300.jpg",768,300,true],"woocommerce_thumbnail":["https:\/\/timtierneyottawa.ca\/wp-content\/uploads\/2024\/09\/Sept-11-Social-Secure-Bike-Storage-300x300.jpg",300,300,true],"woocommerce_single":["https:\/\/timtierneyottawa.ca\/wp-content\/uploads\/2024\/09\/Sept-11-Social-Secure-Bike-Storage-600x400.jpg",600,400,true],"woocommerce_gallery_thumbnail":["https:\/\/timtierneyottawa.ca\/wp-content\/uploads\/2024\/09\/Sept-11-Social-Secure-Bike-Storage-100x100.jpg",100,100,true],"rt_custom":["https:\/\/timtierneyottawa.ca\/wp-content\/uploads\/2024\/09\/Sept-11-Social-Secure-Bike-Storage.jpg",1146,764,false]},"rttpg_author":{"display_name":"admin","author_link":"https:\/\/timtierneyottawa.ca\/?author=1"},"rttpg_comment":0,"rttpg_category":"<a href=\"https:\/\/timtierneyottawa.ca\/?cat=80&#038;lang=fr\" rel=\"category\">Gouvernement<\/a>","rttpg_excerpt":"Avis \u00e0 tous les passionn\u00e9s de cyclisme d\u2019Ottawa! La Ville d\u2019Ottawa propose d\u00e9sormais une nouvelle solution novatrice de stationnement des v\u00e9los pour les cyclistes qui se d\u00e9placent dans le centre\u2011ville.\u00a0Nos nouveaux casiers s\u00e9curitaires pour le stationnement des v\u00e9los, situ\u00e9s \u00e0 trois destinations cl\u00e9s, offrent aux r\u00e9sidents et aux visiteurs une\u00a0option\u00a0de haute qualit\u00e9 et s\u00e9curitaire pour&hellip;","_links":{"self":[{"href":"https:\/\/timtierneyottawa.ca\/index.php?rest_route=\/wp\/v2\/posts\/1720","targetHints":{"allow":["GET"]}}],"collection":[{"href":"https:\/\/timtierneyottawa.ca\/index.php?rest_route=\/wp\/v2\/posts"}],"about":[{"href":"https:\/\/timtierneyottawa.ca\/index.php?rest_route=\/wp\/v2\/types\/post"}],"author":[{"embeddable":true,"href":"https:\/\/timtierneyottawa.ca\/index.php?rest_route=\/wp\/v2\/users\/1"}],"replies":[{"embeddable":true,"href":"https:\/\/timtierneyottawa.ca\/index.php?rest_route=%2Fwp%2Fv2%2Fcomments&post=1720"}],"version-history":[{"count":2,"href":"https:\/\/timtierneyottawa.ca\/index.php?rest_route=\/wp\/v2\/posts\/1720\/revisions"}],"predecessor-version":[{"id":2174,"href":"https:\/\/timtierneyottawa.ca\/index.php?rest_route=\/wp\/v2\/posts\/1720\/revisions\/2174"}],"wp:featuredmedia":[{"embeddable":true,"href":"https:\/\/timtierneyottawa.ca\/index.php?rest_route=\/wp\/v2\/media\/1717"}],"wp:attachment":[{"href":"https:\/\/timtierneyottawa.ca\/index.php?rest_route=%2Fwp%2Fv2%2Fmedia&parent=1720"}],"wp:term":[{"taxonomy":"category","embeddable":true,"href":"https:\/\/timtierneyottawa.ca\/index.php?rest_route=%2Fwp%2Fv2%2Fcategories&post=1720"},{"taxonomy":"post_tag","embeddable":true,"href":"https:\/\/timtierneyottawa.ca\/index.php?rest_route=%2Fwp%2Fv2%2Ftags&post=1720"}],"curies":[{"name":"wp","href":"https:\/\/api.w.org\/{rel}","templated":true}]}}