{"id":2000,"date":"2024-10-17T18:02:10","date_gmt":"2024-10-17T18:02:10","guid":{"rendered":"https:\/\/timtierneyottawa.ca\/?p=2000"},"modified":"2024-10-19T14:15:58","modified_gmt":"2024-10-19T14:15:58","slug":"groundbreaking-ceremony-for-smart-local-47-training-centre-expansion","status":"publish","type":"post","link":"https:\/\/timtierneyottawa.ca\/?p=2000&lang=fr","title":{"rendered":"C\u00e9r\u00e9monie d\u2019inauguration des travaux pour l\u2019agrandissement du centre de formation SMART local 47"},"content":{"rendered":"<p><img loading=\"lazy\" decoding=\"async\" class=\"alignright size-medium wp-image-1900\" src=\"https:\/\/timtierneyottawa.ca\/wp-content\/uploads\/2024\/10\/20240920_172312974_iOS-300x225.jpg\" alt=\"\" width=\"300\" height=\"225\" srcset=\"https:\/\/timtierneyottawa.ca\/wp-content\/uploads\/2024\/10\/20240920_172312974_iOS-300x225.jpg 300w, https:\/\/timtierneyottawa.ca\/wp-content\/uploads\/2024\/10\/20240920_172312974_iOS-1024x768.jpg 1024w, https:\/\/timtierneyottawa.ca\/wp-content\/uploads\/2024\/10\/20240920_172312974_iOS-768x576.jpg 768w, https:\/\/timtierneyottawa.ca\/wp-content\/uploads\/2024\/10\/20240920_172312974_iOS-1536x1152.jpg 1536w, https:\/\/timtierneyottawa.ca\/wp-content\/uploads\/2024\/10\/20240920_172312974_iOS-2048x1536.jpg 2048w, https:\/\/timtierneyottawa.ca\/wp-content\/uploads\/2024\/10\/20240920_172312974_iOS-600x450.jpg 600w\" sizes=\"auto, (max-width: 300px) 100vw, 300px\" \/><\/p>\n<p>Aujourd\u2019hui, j\u2019ai eu le privil\u00e8ge d\u2019assister \u00e0 la c\u00e9r\u00e9monie d\u2019inauguration de l\u2019agrandissement du centre de formation SMART local 47. J\u2019ai eu l\u2019honneur de me tenir aux c\u00f4t\u00e9s de leaders cl\u00e9s tels que le ministre du Travail David Piccini, la d\u00e9put\u00e9e provinciale Lisa MacLeod, Stuart Simpson, le directeur de la formation et d\u2019autres membres de la communaut\u00e9 des m\u00e9tiers sp\u00e9cialis\u00e9s pour c\u00e9l\u00e9brer cette \u00e9tape importante pour notre communaut\u00e9 et le secteur des m\u00e9tiers sp\u00e9cialis\u00e9s en Ontario.<\/p>\n<p>L\u2019agrandissement de ce centre de formation refl\u00e8te le d\u00e9vouement de toutes les personnes impliqu\u00e9es dans la fourniture d\u2019une \u00e9ducation de haute qualit\u00e9 et d\u2019opportunit\u00e9s de formation pratique. Avec plus de 1 300 membres, dont 40 % sont majoritairement francophones, le centre adapte son curriculum pour qu\u2019il soit accessible dans les deux langues officielles, en veillant \u00e0 ce que tous les membres aient la chance de s\u2019\u00e9panouir.<\/p>\n<p>Ce qui distingue vraiment SMART Local 47, c\u2019est l\u2019implication de ses \u00e9tudiants dans l\u2019entretien de l\u2019installation. Qu\u2019il s\u2019agisse de t\u00f4liers qui s\u2019occupent de projets complexes ou de membres participant \u00e0 tous les aspects du travail, ce centre favorise un fort sentiment d\u2019appartenance \u00e0 la communaut\u00e9 et une exp\u00e9rience du monde r\u00e9el. Les \u00e9ducateurs sont exceptionnels et cr\u00e9ent un environnement favorable, et l\u2019acc\u00e8s \u00e0 de l\u2019\u00e9quipement de pointe est in\u00e9gal\u00e9.<\/p>\n<p>En tant que fier repr\u00e9sentant du quartier 11, je suis ravi de voir l\u2019impact positif que cette expansion aura sur notre communaut\u00e9 locale et l\u2019ensemble du secteur des m\u00e9tiers sp\u00e9cialis\u00e9s en Ontario. Smart Local 47 est plus qu\u2019un simple centre de formation ; c\u2019est un phare d\u2019opportunit\u00e9s, de croissance et d\u2019excellence.<\/p>\n<p><img loading=\"lazy\" decoding=\"async\" class=\"alignright size-medium wp-image-1903\" src=\"https:\/\/timtierneyottawa.ca\/wp-content\/uploads\/2024\/10\/20240920_170215523_iOS-225x300.jpeg\" alt=\"\" width=\"225\" height=\"300\" srcset=\"https:\/\/timtierneyottawa.ca\/wp-content\/uploads\/2024\/10\/20240920_170215523_iOS-225x300.jpeg 225w, https:\/\/timtierneyottawa.ca\/wp-content\/uploads\/2024\/10\/20240920_170215523_iOS-768x1024.jpeg 768w, https:\/\/timtierneyottawa.ca\/wp-content\/uploads\/2024\/10\/20240920_170215523_iOS-1152x1536.jpeg 1152w, https:\/\/timtierneyottawa.ca\/wp-content\/uploads\/2024\/10\/20240920_170215523_iOS-1536x2048.jpeg 1536w, https:\/\/timtierneyottawa.ca\/wp-content\/uploads\/2024\/10\/20240920_170215523_iOS-600x800.jpeg 600w, https:\/\/timtierneyottawa.ca\/wp-content\/uploads\/2024\/10\/20240920_170215523_iOS-scaled.jpeg 1920w\" sizes=\"auto, (max-width: 225px) 100vw, 225px\" \/><\/p>\n<p>F\u00e9licitations \u00e0 tous ceux qui ont particip\u00e9 \u00e0 ce projet remarquable ! Ensemble, nous b\u00e2tissons un avenir meilleur pour les m\u00e9tiers sp\u00e9cialis\u00e9s en Ontario.<\/p>\n","protected":false},"excerpt":{"rendered":"<p>I attended the groundbreaking ceremony for the SMART Local 47 Training Centre expansion, celebrating a significant milestone for skilled trades education in our community.<\/p>\n","protected":false},"author":3,"featured_media":1899,"comment_status":"open","ping_status":"open","sticky":false,"template":"","format":"standard","meta":{"give_campaign_id":0,"_monsterinsights_skip_tracking":false,"_monsterinsights_sitenote_active":false,"_monsterinsights_sitenote_note":"","_monsterinsights_sitenote_category":0,"footnotes":""},"categories":[77],"tags":[],"class_list":["post-2000","post","type-post","status-publish","format-standard","has-post-thumbnail","hentry","category-news-fr"],"aioseo_notices":[],"rttpg_featured_image_url":{"full":["https:\/\/timtierneyottawa.ca\/wp-content\/uploads\/2024\/10\/20240920_172222796_iOS-scaled.jpeg",2560,1920,false],"landscape":["https:\/\/timtierneyottawa.ca\/wp-content\/uploads\/2024\/10\/20240920_172222796_iOS-scaled.jpeg",2560,1920,false],"portraits":["https:\/\/timtierneyottawa.ca\/wp-content\/uploads\/2024\/10\/20240920_172222796_iOS-scaled.jpeg",2560,1920,false],"thumbnail":["https:\/\/timtierneyottawa.ca\/wp-content\/uploads\/2024\/10\/20240920_172222796_iOS-150x150.jpeg",150,150,true],"medium":["https:\/\/timtierneyottawa.ca\/wp-content\/uploads\/2024\/10\/20240920_172222796_iOS-300x225.jpeg",300,225,true],"large":["https:\/\/timtierneyottawa.ca\/wp-content\/uploads\/2024\/10\/20240920_172222796_iOS-1024x768.jpeg",1024,768,true],"1536x1536":["https:\/\/timtierneyottawa.ca\/wp-content\/uploads\/2024\/10\/20240920_172222796_iOS-1536x1152.jpeg",1536,1152,true],"2048x2048":["https:\/\/timtierneyottawa.ca\/wp-content\/uploads\/2024\/10\/20240920_172222796_iOS-2048x1536.jpeg",2048,1536,true],"inforward-post-grid":["https:\/\/timtierneyottawa.ca\/wp-content\/uploads\/2024\/10\/20240920_172222796_iOS-750x450.jpeg",750,450,true],"inforward-full":["https:\/\/timtierneyottawa.ca\/wp-content\/uploads\/2024\/10\/20240920_172222796_iOS-1920x480.jpeg",1920,480,true],"inforward-post-full":["https:\/\/timtierneyottawa.ca\/wp-content\/uploads\/2024\/10\/20240920_172222796_iOS-1140x600.jpeg",1140,600,true],"inforward-related-posts-image":["https:\/\/timtierneyottawa.ca\/wp-content\/uploads\/2024\/10\/20240920_172222796_iOS-230x150.jpeg",230,150,true],"inforward-portfolio-small-image":["https:\/\/timtierneyottawa.ca\/wp-content\/uploads\/2024\/10\/20240920_172222796_iOS-360x260.jpeg",360,260,true],"inforward-portfolio-big-image":["https:\/\/timtierneyottawa.ca\/wp-content\/uploads\/2024\/10\/20240920_172222796_iOS-555x380.jpeg",555,380,true],"inforward-testimonial":["https:\/\/timtierneyottawa.ca\/wp-content\/uploads\/2024\/10\/20240920_172222796_iOS-263x263.jpeg",263,263,true],"inforward-events-slider":["https:\/\/timtierneyottawa.ca\/wp-content\/uploads\/2024\/10\/20240920_172222796_iOS-768x300.jpeg",768,300,true],"woocommerce_thumbnail":["https:\/\/timtierneyottawa.ca\/wp-content\/uploads\/2024\/10\/20240920_172222796_iOS-300x300.jpeg",300,300,true],"woocommerce_single":["https:\/\/timtierneyottawa.ca\/wp-content\/uploads\/2024\/10\/20240920_172222796_iOS-600x450.jpeg",600,450,true],"woocommerce_gallery_thumbnail":["https:\/\/timtierneyottawa.ca\/wp-content\/uploads\/2024\/10\/20240920_172222796_iOS-100x100.jpeg",100,100,true],"rt_custom":["https:\/\/timtierneyottawa.ca\/wp-content\/uploads\/2024\/10\/20240920_172222796_iOS-scaled.jpeg",2560,1920,false]},"rttpg_author":{"display_name":"Andrea Shane","author_link":"https:\/\/timtierneyottawa.ca\/?author=3"},"rttpg_comment":0,"rttpg_category":"<a href=\"https:\/\/timtierneyottawa.ca\/?cat=77&#038;lang=fr\" rel=\"category\">Nouvelles<\/a>","rttpg_excerpt":"I attended the groundbreaking ceremony for the SMART Local 47 Training Centre expansion, celebrating a significant milestone for skilled trades education in our community.","_links":{"self":[{"href":"https:\/\/timtierneyottawa.ca\/index.php?rest_route=\/wp\/v2\/posts\/2000","targetHints":{"allow":["GET"]}}],"collection":[{"href":"https:\/\/timtierneyottawa.ca\/index.php?rest_route=\/wp\/v2\/posts"}],"about":[{"href":"https:\/\/timtierneyottawa.ca\/index.php?rest_route=\/wp\/v2\/types\/post"}],"author":[{"embeddable":true,"href":"https:\/\/timtierneyottawa.ca\/index.php?rest_route=\/wp\/v2\/users\/3"}],"replies":[{"embeddable":true,"href":"https:\/\/timtierneyottawa.ca\/index.php?rest_route=%2Fwp%2Fv2%2Fcomments&post=2000"}],"version-history":[{"count":3,"href":"https:\/\/timtierneyottawa.ca\/index.php?rest_route=\/wp\/v2\/posts\/2000\/revisions"}],"predecessor-version":[{"id":2021,"href":"https:\/\/timtierneyottawa.ca\/index.php?rest_route=\/wp\/v2\/posts\/2000\/revisions\/2021"}],"wp:featuredmedia":[{"embeddable":true,"href":"https:\/\/timtierneyottawa.ca\/index.php?rest_route=\/wp\/v2\/media\/1899"}],"wp:attachment":[{"href":"https:\/\/timtierneyottawa.ca\/index.php?rest_route=%2Fwp%2Fv2%2Fmedia&parent=2000"}],"wp:term":[{"taxonomy":"category","embeddable":true,"href":"https:\/\/timtierneyottawa.ca\/index.php?rest_route=%2Fwp%2Fv2%2Fcategories&post=2000"},{"taxonomy":"post_tag","embeddable":true,"href":"https:\/\/timtierneyottawa.ca\/index.php?rest_route=%2Fwp%2Fv2%2Ftags&post=2000"}],"curies":[{"name":"wp","href":"https:\/\/api.w.org\/{rel}","templated":true}]}}