{"id":2823,"date":"2025-03-19T15:33:11","date_gmt":"2025-03-19T15:33:11","guid":{"rendered":"https:\/\/timtierneyottawa.ca\/?p=2823"},"modified":"2025-03-19T15:33:11","modified_gmt":"2025-03-19T15:33:11","slug":"construire-des-communautes-resilientes-perspectives-de-la-conference-sur-les-communautes-durables-de-2025","status":"publish","type":"post","link":"https:\/\/timtierneyottawa.ca\/?p=2823&lang=fr","title":{"rendered":"Construire des communaut\u00e9s r\u00e9silientes: Perspectives de la Conf\u00e9rence sur les communaut\u00e9s durables de 2025"},"content":{"rendered":"<p data-start=\"95\" data-end=\"579\"><em>par Sean Meyer, Municipal World dans FCM, Leadership, Durabilit\u00e9 <a href=\"https:\/\/www.municipalworld.com\/feature-story\/fcm-leads-charge-sustainable-communities\/\">Lisez l&#8217;article original complet ici<\/a><\/em><\/p>\n<p data-start=\"95\" data-end=\"579\">La Conf\u00e9rence sur les communaut\u00e9s durables de 2025 de la F\u00e9d\u00e9ration canadienne des municipalit\u00e9s (FCM), tenue \u00e0 Fredericton, au Nouveau-Brunswick, a attir\u00e9 une foule sold-out de 538 d\u00e9l\u00e9gu\u00e9s, soulignant l&#8217;urgence de relever les d\u00e9fis de durabilit\u00e9 et de climat au niveau municipal. Alors que le changement climatique entra\u00eene des \u00e9v\u00e9nements m\u00e9t\u00e9orologiques de plus en plus graves, les municipalit\u00e9s sont \u00e0 l&#8217;avant-garde de la recherche et de la mise en \u0153uvre de solutions pour assurer la s\u00e9curit\u00e9 \u00e0 long terme et la durabilit\u00e9 de leurs communaut\u00e9s.<\/p>\n<p data-start=\"581\" data-end=\"643\"><strong data-start=\"581\" data-end=\"643\">Un appel \u00e0 l&#8217;adaptation au climat et \u00e0 une infrastructure r\u00e9siliente<\/strong><\/p>\n<p data-start=\"645\" data-end=\"1131\">Lors de la conf\u00e9rence, Steven Guilbeault, ministre de l\u2019Environnement et du Changement climatique du Canada, a annonc\u00e9 un investissement significatif de 30 millions de dollars destin\u00e9 \u00e0 aider les municipalit\u00e9s \u00e0 b\u00e2tir des infrastructures plus r\u00e9silientes face aux d\u00e9fis li\u00e9s au climat. Le financement, dans le cadre de l&#8217;initiative Fonds municipal vert pour le leadership local en mati\u00e8re d&#8217;adaptation au climat, soutiendra 30 projets, 17 \u00e9tudes de faisabilit\u00e9 et 34 subventions partenaires, tous ax\u00e9s sur le renforcement des efforts locaux d&#8217;adaptation au climat.<\/p>\n<p data-start=\"1133\" data-end=\"1703\">La fr\u00e9quence croissante des \u00e9v\u00e9nements m\u00e9t\u00e9orologiques extr\u00eames tels que les inondations, les incendies de for\u00eat et les temp\u00eates destructrices montre clairement que les municipalit\u00e9s ne peuvent plus relever ces d\u00e9fis seules. L&#8217;investissement du gouvernement f\u00e9d\u00e9ral est crucial pour fournir aux municipalit\u00e9s les ressources et l&#8217;expertise n\u00e9cessaires pour prot\u00e9ger les infrastructures, assurer la s\u00e9curit\u00e9 publique et r\u00e9duire les co\u00fbts \u00e0 long terme. Des municipalit\u00e9s comme Ottawa ont vu de leurs propres yeux l&#8217;impact de ces \u00e9v\u00e9nements m\u00e9t\u00e9orologiques sur leurs communaut\u00e9s et infrastructures, et le besoin d&#8217;un soutien accru n&#8217;a jamais \u00e9t\u00e9 aussi pressant.<\/p>\n<p data-start=\"1705\" data-end=\"1767\"><strong data-start=\"1705\" data-end=\"1767\">Les leaders municipaux discutent de l&#8217;\u00e9volution vers la durabilit\u00e9<\/strong><\/p>\n<p data-start=\"1769\" data-end=\"2498\">Tim Tierney, premier vice-pr\u00e9sident de la FCM et conseiller \u00e0 la Ville d&#8217;Ottawa, a soulign\u00e9 l&#8217;importance cruciale des discussions sur la durabilit\u00e9, qui sont d\u00e9sormais plus urgentes que jamais. Tierney a \u00e9voqu\u00e9 la gravit\u00e9 croissante des \u00e9v\u00e9nements climatiques, tels que les temp\u00eates d&#8217;une fr\u00e9quence de 100 ans, l&#8217;\u00e9rosion des c\u00f4tes et les incendies de for\u00eat, qui ont cr\u00e9\u00e9 d&#8217;importants d\u00e9fis pour les municipalit\u00e9s dans la gestion de leurs infrastructures et la protection de leurs r\u00e9sidents. Pour Tierney, le centre de ces discussions se d\u00e9place des probl\u00e8mes traditionnels de durabilit\u00e9 vers des discussions plus larges sur la r\u00e9silience. La question n&#8217;est plus seulement de r\u00e9duire les \u00e9missions, mais aussi de savoir comment les municipalit\u00e9s peuvent se remettre et s&#8217;adapter apr\u00e8s des \u00e9v\u00e9nements climatiques extr\u00eames.<\/p>\n<p data-start=\"2500\" data-end=\"2721\">\u00ab La r\u00e9silience est un facteur cl\u00e9. Lorsque l&#8217;\u00e9lectricit\u00e9 est coup\u00e9e ou qu&#8217;un \u00e9v\u00e9nement climatique majeur se produit, comment les municipalit\u00e9s r\u00e9agissent-elles ? \u00bb a d\u00e9clar\u00e9 Tierney. \u00ab Ce sont ces types de discussions qui sont d\u00e9sormais au centre de notre r\u00e9flexion sur la durabilit\u00e9. \u00bb<\/p>\n<p data-start=\"2723\" data-end=\"2778\"><strong data-start=\"2723\" data-end=\"2778\">Le r\u00f4le des leaders municipaux dans l\u2019adaptation au climat<\/strong><\/p>\n<p data-start=\"2780\" data-end=\"3066\">La mairesse de Fredericton, Kate Rogers, qui a accueilli la conf\u00e9rence, a mis en avant l&#8217;importance de rassembler les leaders municipaux pour partager leurs exp\u00e9riences et leurs solutions. Alors que les municipalit\u00e9s \u00e0 travers le pays font face \u00e0 des d\u00e9fis climatiques similaires, l&#8217;\u00e9change de connaissances est devenu inestimable.<\/p>\n<p data-start=\"3068\" data-end=\"3349\">\u00ab Notre ville a connu plusieurs inondations d&#8217;une fr\u00e9quence de 100 ans en seulement une d\u00e9cennie \u00bb, a partag\u00e9 Rogers. \u00ab Nous ne sommes pas seuls \u00e0 faire face \u00e0 ces crises, et le fait de pouvoir discuter avec d&#8217;autres leaders de nos exp\u00e9riences communes est incroyablement pr\u00e9cieux. Nous apprenons les uns des autres et adaptons nos r\u00e9ponses. \u00bb<\/p>\n<p data-start=\"3351\" data-end=\"3839\">Rogers a \u00e9galement soulign\u00e9 le changement dans l\u2019approche de Fredericton en mati\u00e8re de durabilit\u00e9. Au cours de la derni\u00e8re d\u00e9cennie, la ville est pass\u00e9e de discussions occasionnelles sur les enjeux environnementaux \u00e0 des r\u00e9unions mensuelles r\u00e9guli\u00e8res consacr\u00e9es \u00e0 l&#8217;att\u00e9nuation du climat et \u00e0 la r\u00e9silience. Ce changement refl\u00e8te la reconnaissance croissante de l\u2019interconnexion entre durabilit\u00e9 et abordabilit\u00e9\u2014faire face au changement climatique n&#8217;est pas seulement un probl\u00e8me environnemental, mais aussi un probl\u00e8me qui touche le bien-\u00eatre \u00e9conomique des r\u00e9sidents.<\/p>\n<p data-start=\"3841\" data-end=\"3883\"><strong data-start=\"3841\" data-end=\"3883\">Le besoin d\u2019un soutien f\u00e9d\u00e9ral continu<\/strong><\/p>\n<p data-start=\"3885\" data-end=\"4222\">Bien que les 30 millions de dollars annonc\u00e9s lors de la conf\u00e9rence constituent un pas important, tant Tierney que Rogers s&#8217;accordent \u00e0 dire que cela repr\u00e9sente seulement une fraction du soutien financier n\u00e9cessaire aux municipalit\u00e9s. \u00c0 mesure que les infrastructures municipales vieillissent et que la demande pour l&#8217;adaptation au climat augmente, bien plus sera n\u00e9cessaire pour garantir que les communaut\u00e9s puissent affronter les temp\u00eates \u00e0 venir.<\/p>\n<p data-start=\"4224\" data-end=\"4577\">Tierney a exprim\u00e9 sa gratitude pour le soutien continu du gouvernement f\u00e9d\u00e9ral, surtout dans un contexte politique de plus en plus incertain. \u00ab Il est formidable de voir Ottawa agir maintenant, en particulier avec une \u00e9lection qui approche. Le besoin d\u2019un investissement continu dans les infrastructures municipales et la durabilit\u00e9 est plus urgent que jamais \u00bb, a d\u00e9clar\u00e9 Tierney.<\/p>\n<p data-start=\"4579\" data-end=\"4949\">Pour les municipalit\u00e9s, le d\u00e9fi est clair : bien que les 30 millions de dollars constituent un bon d\u00e9but, beaucoup plus est n\u00e9cessaire pour r\u00e9pondre ad\u00e9quatement aux demandes croissantes en mati\u00e8re d&#8217;adaptation au climat, de modernisation des infrastructures et de durabilit\u00e9 \u00e0 long terme. Cependant, avec le soutien continu des gouvernements f\u00e9d\u00e9ral et provincial et un accent mis sur la r\u00e9silience, les municipalit\u00e9s canadiennes peuvent relever ce d\u00e9fi.<\/p>\n<p data-start=\"4951\" data-end=\"4968\"><strong data-start=\"4951\" data-end=\"4968\">Perspectives d&#8217;avenir<\/strong><\/p>\n<p data-start=\"4970\" data-end=\"5352\">Alors que le Canada fait face aux impacts croissants du changement climatique, des municipalit\u00e9s comme Ottawa et Fredericton montrent la voie pour b\u00e2tir des communaut\u00e9s plus r\u00e9silientes et durables. Les discussions ayant eu lieu lors de la SCC de 2025 refl\u00e8tent une prise de conscience croissante que la durabilit\u00e9 ne concerne pas seulement la r\u00e9duction des \u00e9missions, mais aussi le fait de s&#8217;assurer que les communaut\u00e9s sont pr\u00e9par\u00e9es pour les d\u00e9fis \u00e0 venir.<\/p>\n<p data-start=\"5354\" data-end=\"5545\" data-is-last-node=\"\" data-is-only-node=\"\">Avec une collaboration et un investissement continus, les municipalit\u00e9s canadiennes sont bien positionn\u00e9es pour s&#8217;adapter \u00e0 un climat changeant et cr\u00e9er des endroits plus s\u00fbrs et plus r\u00e9silients o\u00f9 vivre pour les g\u00e9n\u00e9rations futures.<\/p>\n","protected":false},"excerpt":{"rendered":"<p>La Conf\u00e9rence sur les communaut\u00e9s durables de 2025 a mis en lumi\u00e8re l&#8217;urgence pour les municipalit\u00e9s de collaborer sur l&#8217;adaptation au climat et la r\u00e9silience, avec un soutien f\u00e9d\u00e9ral visant \u00e0 relever les d\u00e9fis croissants pos\u00e9s par les \u00e9v\u00e9nements m\u00e9t\u00e9orologiques extr\u00eames.<\/p>\n","protected":false},"author":3,"featured_media":2821,"comment_status":"open","ping_status":"open","sticky":false,"template":"","format":"standard","meta":{"give_campaign_id":0,"_monsterinsights_skip_tracking":false,"_monsterinsights_sitenote_active":false,"_monsterinsights_sitenote_note":"","_monsterinsights_sitenote_category":0,"footnotes":""},"categories":[77],"tags":[],"class_list":["post-2823","post","type-post","status-publish","format-standard","has-post-thumbnail","hentry","category-news-fr"],"aioseo_notices":[],"rttpg_featured_image_url":{"full":["https:\/\/timtierneyottawa.ca\/wp-content\/uploads\/2025\/03\/SCA_Tim-Tierney_2-815x480-1.jpg",815,480,false],"landscape":["https:\/\/timtierneyottawa.ca\/wp-content\/uploads\/2025\/03\/SCA_Tim-Tierney_2-815x480-1.jpg",815,480,false],"portraits":["https:\/\/timtierneyottawa.ca\/wp-content\/uploads\/2025\/03\/SCA_Tim-Tierney_2-815x480-1.jpg",815,480,false],"thumbnail":["https:\/\/timtierneyottawa.ca\/wp-content\/uploads\/2025\/03\/SCA_Tim-Tierney_2-815x480-1-150x150.jpg",150,150,true],"medium":["https:\/\/timtierneyottawa.ca\/wp-content\/uploads\/2025\/03\/SCA_Tim-Tierney_2-815x480-1-300x177.jpg",300,177,true],"large":["https:\/\/timtierneyottawa.ca\/wp-content\/uploads\/2025\/03\/SCA_Tim-Tierney_2-815x480-1.jpg",815,480,false],"1536x1536":["https:\/\/timtierneyottawa.ca\/wp-content\/uploads\/2025\/03\/SCA_Tim-Tierney_2-815x480-1.jpg",815,480,false],"2048x2048":["https:\/\/timtierneyottawa.ca\/wp-content\/uploads\/2025\/03\/SCA_Tim-Tierney_2-815x480-1.jpg",815,480,false],"inforward-post-grid":["https:\/\/timtierneyottawa.ca\/wp-content\/uploads\/2025\/03\/SCA_Tim-Tierney_2-815x480-1-750x450.jpg",750,450,true],"inforward-full":["https:\/\/timtierneyottawa.ca\/wp-content\/uploads\/2025\/03\/SCA_Tim-Tierney_2-815x480-1.jpg",815,480,false],"inforward-post-full":["https:\/\/timtierneyottawa.ca\/wp-content\/uploads\/2025\/03\/SCA_Tim-Tierney_2-815x480-1.jpg",815,480,false],"inforward-related-posts-image":["https:\/\/timtierneyottawa.ca\/wp-content\/uploads\/2025\/03\/SCA_Tim-Tierney_2-815x480-1-230x150.jpg",230,150,true],"inforward-portfolio-small-image":["https:\/\/timtierneyottawa.ca\/wp-content\/uploads\/2025\/03\/SCA_Tim-Tierney_2-815x480-1-360x260.jpg",360,260,true],"inforward-portfolio-big-image":["https:\/\/timtierneyottawa.ca\/wp-content\/uploads\/2025\/03\/SCA_Tim-Tierney_2-815x480-1-555x380.jpg",555,380,true],"inforward-testimonial":["https:\/\/timtierneyottawa.ca\/wp-content\/uploads\/2025\/03\/SCA_Tim-Tierney_2-815x480-1-263x263.jpg",263,263,true],"inforward-events-slider":["https:\/\/timtierneyottawa.ca\/wp-content\/uploads\/2025\/03\/SCA_Tim-Tierney_2-815x480-1-768x300.jpg",768,300,true],"woocommerce_thumbnail":["https:\/\/timtierneyottawa.ca\/wp-content\/uploads\/2025\/03\/SCA_Tim-Tierney_2-815x480-1-300x300.jpg",300,300,true],"woocommerce_single":["https:\/\/timtierneyottawa.ca\/wp-content\/uploads\/2025\/03\/SCA_Tim-Tierney_2-815x480-1-600x353.jpg",600,353,true],"woocommerce_gallery_thumbnail":["https:\/\/timtierneyottawa.ca\/wp-content\/uploads\/2025\/03\/SCA_Tim-Tierney_2-815x480-1-100x100.jpg",100,100,true],"rt_custom":["https:\/\/timtierneyottawa.ca\/wp-content\/uploads\/2025\/03\/SCA_Tim-Tierney_2-815x480-1.jpg",815,480,false]},"rttpg_author":{"display_name":"Andrea Shane","author_link":"https:\/\/timtierneyottawa.ca\/?author=3"},"rttpg_comment":0,"rttpg_category":"<a href=\"https:\/\/timtierneyottawa.ca\/?cat=77&#038;lang=fr\" rel=\"category\">Nouvelles<\/a>","rttpg_excerpt":"La Conf\u00e9rence sur les communaut\u00e9s durables de 2025 a mis en lumi\u00e8re l'urgence pour les municipalit\u00e9s de collaborer sur l'adaptation au climat et la r\u00e9silience, avec un soutien f\u00e9d\u00e9ral visant \u00e0 relever les d\u00e9fis croissants pos\u00e9s par les \u00e9v\u00e9nements m\u00e9t\u00e9orologiques extr\u00eames.","_links":{"self":[{"href":"https:\/\/timtierneyottawa.ca\/index.php?rest_route=\/wp\/v2\/posts\/2823","targetHints":{"allow":["GET"]}}],"collection":[{"href":"https:\/\/timtierneyottawa.ca\/index.php?rest_route=\/wp\/v2\/posts"}],"about":[{"href":"https:\/\/timtierneyottawa.ca\/index.php?rest_route=\/wp\/v2\/types\/post"}],"author":[{"embeddable":true,"href":"https:\/\/timtierneyottawa.ca\/index.php?rest_route=\/wp\/v2\/users\/3"}],"replies":[{"embeddable":true,"href":"https:\/\/timtierneyottawa.ca\/index.php?rest_route=%2Fwp%2Fv2%2Fcomments&post=2823"}],"version-history":[{"count":0,"href":"https:\/\/timtierneyottawa.ca\/index.php?rest_route=\/wp\/v2\/posts\/2823\/revisions"}],"wp:featuredmedia":[{"embeddable":true,"href":"https:\/\/timtierneyottawa.ca\/index.php?rest_route=\/wp\/v2\/media\/2821"}],"wp:attachment":[{"href":"https:\/\/timtierneyottawa.ca\/index.php?rest_route=%2Fwp%2Fv2%2Fmedia&parent=2823"}],"wp:term":[{"taxonomy":"category","embeddable":true,"href":"https:\/\/timtierneyottawa.ca\/index.php?rest_route=%2Fwp%2Fv2%2Fcategories&post=2823"},{"taxonomy":"post_tag","embeddable":true,"href":"https:\/\/timtierneyottawa.ca\/index.php?rest_route=%2Fwp%2Fv2%2Ftags&post=2823"}],"curies":[{"name":"wp","href":"https:\/\/api.w.org\/{rel}","templated":true}]}}