{"id":2901,"date":"2025-03-25T13:02:56","date_gmt":"2025-03-25T13:02:56","guid":{"rendered":"https:\/\/timtierneyottawa.ca\/?p=2901"},"modified":"2025-03-28T21:46:06","modified_gmt":"2025-03-28T21:46:06","slug":"le-coin-du-livre-un-engagement-de-toute-une-vie-envers-la-langue-lapprentissage-et-la-communaute","status":"publish","type":"post","link":"https:\/\/timtierneyottawa.ca\/?p=2901&lang=fr","title":{"rendered":"Le coin du livre : Un engagement de toute une vie envers la langue, l&#8217;apprentissage et la communaut\u00e9"},"content":{"rendered":"<div style=\"width: 1140px;\" class=\"wp-video\"><video class=\"wp-video-shortcode\" id=\"video-2901-1\" width=\"1140\" height=\"641\" preload=\"metadata\" controls=\"controls\"><source type=\"video\/mp4\" src=\"https:\/\/timtierneyottawa.ca\/wp-content\/uploads\/2025\/03\/le_coin_du_livre-1080p.mp4?_=1\" \/><a href=\"https:\/\/timtierneyottawa.ca\/wp-content\/uploads\/2025\/03\/le_coin_du_livre-1080p.mp4\">https:\/\/timtierneyottawa.ca\/wp-content\/uploads\/2025\/03\/le_coin_du_livre-1080p.mp4<\/a><\/video><\/div>\n<p>Depuis plus de 65 ans, <i>Le coin du livre<\/i> fait rayonner la langue fran\u00e7aise au c\u0153ur de la communaut\u00e9 franco-ontarienne. Aujourd\u2019hui, Nathalie Savard poursuit cette belle aventure avec la m\u00eame passion pour les mots \u2014 et pour tout ce qu\u2019ils portent en eux.<\/p>\n<p>Ce qui a commenc\u00e9 en 1958 comme une modeste librairie de quartier est devenu bien plus qu\u2019un commerce: c\u2019est un v\u00e9ritable lieu de vie, un carrefour d\u2019\u00e9changes, un espace chaleureux o\u00f9 la francophonie se c\u00e9l\u00e8bre avec c\u0153ur. Chaque livre raconte ici une histoire, un h\u00e9ritage, une culture. Chaque visite est une invitation \u00e0 red\u00e9couvrir la beaut\u00e9 de notre langue. Et chaque retour, un doux rappel de l\u2019accueil attentionn\u00e9, des conseils \u00e9clair\u00e9s, et de cet amour profond de la langue qui habite les lieux.Nathalie a grandi dans l\u2019ombre bienveillante des \u00e9tag\u00e8res de la librairie. \u00c0 18 ans, elle y a fait ses premiers pas, \u00e9paul\u00e9e par son p\u00e8re, apprenant \u00e0 ses c\u00f4t\u00e9s l\u2019importance du travail bien fait, du service sinc\u00e8re et de l\u2019engagement envers sa communaut\u00e9. Elle a lentement fa\u00e7onn\u00e9 <i>Le coin du livre<\/i> \u00e0 son image : humain, g\u00e9n\u00e9reux, profond\u00e9ment enracin\u00e9. Lire chaque livre, comprendre les besoins des \u00e9coles, b\u00e2tir des relations solides avec les enseignants et les \u00e9ducateurs \u2014 tout cela fait partie int\u00e9grante de sa mission.<\/p>\n<p><img loading=\"lazy\" decoding=\"async\" class=\"alignright wp-image-2886 \" src=\"https:\/\/timtierneyottawa.ca\/wp-content\/uploads\/2025\/03\/1e51623d-3f4b-4b50-b0db-db39291c6924.jpg\" alt=\"\" width=\"365\" height=\"274\" srcset=\"https:\/\/timtierneyottawa.ca\/wp-content\/uploads\/2025\/03\/1e51623d-3f4b-4b50-b0db-db39291c6924.jpg 800w, https:\/\/timtierneyottawa.ca\/wp-content\/uploads\/2025\/03\/1e51623d-3f4b-4b50-b0db-db39291c6924-300x225.jpg 300w, https:\/\/timtierneyottawa.ca\/wp-content\/uploads\/2025\/03\/1e51623d-3f4b-4b50-b0db-db39291c6924-768x576.jpg 768w, https:\/\/timtierneyottawa.ca\/wp-content\/uploads\/2025\/03\/1e51623d-3f4b-4b50-b0db-db39291c6924-600x450.jpg 600w\" sizes=\"auto, (max-width: 365px) 100vw, 365px\" \/>Aujourd\u2019hui, c\u2019est elle qui orchestre chaque aspect de la librairie avec une rigueur tranquille et une bienveillance constante. Elle collabore directement avec le milieu scolaire pour proposer des s\u00e9lections adapt\u00e9es, s\u2019assure que chaque commande est trait\u00e9e avec soin, et que chaque \u00e9l\u00e8ve, peu importe o\u00f9 il se trouve, ait acc\u00e8s \u00e0 des livres de qualit\u00e9. Toujours \u00e0 l\u2019aff\u00fbt des nouveaut\u00e9s, elle est cette voix de confiance qui saura recommander le bon livre, au bon moment, pour la bonne personne.<\/p>\n<p>Mais ce qui fait battre le c\u0153ur du <i>coin du livre<\/i>, ce n\u2019est pas seulement la richesse de son inventaire \u2014 m\u00eame si les rayons d\u00e9bordent de tr\u00e9sors : albums jeunesse, bandes dessin\u00e9es, romans, jeux \u00e9ducatifs, ouvrages engag\u00e9s. Ce qui fait sa force, c\u2019est l\u2019intention derri\u00e8re chaque geste. Ici, on ne vend pas des livres comme ailleurs: on s\u00e8me des graines de culture, on entretient le feu de la langue, on transmet un patrimoine vivant.<\/p>\n<p>Pour les francophones de l\u2019Ontario, la langue n\u2019est pas qu\u2019un outil. Elle est une part de soi, une m\u00e9moire, une fiert\u00e9. \u00c0 une \u00e9poque o\u00f9 l\u2019\u00e9ducation en fran\u00e7ais doit souvent se battre pour exister, <i>Le coin du livre<\/i> reste un refuge, un pilier, un endroit o\u00f9 cette identit\u00e9 est reconnue, valoris\u00e9e, et port\u00e9e avec dignit\u00e9.<\/p>\n<p><img loading=\"lazy\" decoding=\"async\" class=\"alignright wp-image-2898 \" src=\"https:\/\/timtierneyottawa.ca\/wp-content\/uploads\/2025\/03\/beschereelle-scaled.jpg\" alt=\"\" width=\"442\" height=\"331\" srcset=\"https:\/\/timtierneyottawa.ca\/wp-content\/uploads\/2025\/03\/beschereelle-scaled.jpg 2560w, https:\/\/timtierneyottawa.ca\/wp-content\/uploads\/2025\/03\/beschereelle-300x225.jpg 300w, https:\/\/timtierneyottawa.ca\/wp-content\/uploads\/2025\/03\/beschereelle-1024x768.jpg 1024w, https:\/\/timtierneyottawa.ca\/wp-content\/uploads\/2025\/03\/beschereelle-768x576.jpg 768w, https:\/\/timtierneyottawa.ca\/wp-content\/uploads\/2025\/03\/beschereelle-1536x1152.jpg 1536w, https:\/\/timtierneyottawa.ca\/wp-content\/uploads\/2025\/03\/beschereelle-2048x1536.jpg 2048w, https:\/\/timtierneyottawa.ca\/wp-content\/uploads\/2025\/03\/beschereelle-600x450.jpg 600w\" sizes=\"auto, (max-width: 442px) 100vw, 442px\" \/>Et ce lieu est ouvert \u00e0 toutes et \u00e0 tous. Que l\u2019on soit nouvel apprenant, parent d\u2019enfants bilingues ou nostalgique d\u2019une langue un peu effac\u00e9e par le temps, on y trouve de quoi renouer avec le fran\u00e7ais. Des livres pour petits et grands, des dictionnaires, des r\u00e9cits qui nous accompagnent, toujours dans un cadre o\u00f9 l\u2019on se sent chez soi. Peu importe d\u2019o\u00f9 l\u2019on vient, on est accueilli ici avec chaleur et respect.<\/p>\n<p>Pendant la pand\u00e9mie, cet engagement s\u2019est illustr\u00e9 de mani\u00e8re bouleversante. Lorsque les \u00e9coles ont ferm\u00e9 et que tant de familles se sont retrouv\u00e9es sans ressources, Nathalie n\u2019a pas attendu. Elle a agi, sans bruit mais avec d\u00e9termination. Elle a pr\u00e9par\u00e9 des trousses d\u2019apprentissage \u2013 livres, jeux, activit\u00e9s \u2013 envoy\u00e9es jusqu\u2019aux coins les plus recul\u00e9s. Elle savait qu\u2019une langue, surtout chez les jeunes, peut s\u2019\u00e9tioler vite si elle n\u2019est plus nourrie. Elle a tout fait pour que cela n\u2019arrive pas. Parce que pour elle, pr\u00e9server la langue, c\u2019est pr\u00e9server un avenir.<\/p>\n<p><img loading=\"lazy\" decoding=\"async\" class=\"alignright wp-image-2896 \" src=\"https:\/\/timtierneyottawa.ca\/wp-content\/uploads\/2025\/03\/tshirt-1-scaled.jpg\" alt=\"\" width=\"359\" height=\"269\" srcset=\"https:\/\/timtierneyottawa.ca\/wp-content\/uploads\/2025\/03\/tshirt-1-scaled.jpg 2560w, https:\/\/timtierneyottawa.ca\/wp-content\/uploads\/2025\/03\/tshirt-1-300x225.jpg 300w, https:\/\/timtierneyottawa.ca\/wp-content\/uploads\/2025\/03\/tshirt-1-1024x768.jpg 1024w, https:\/\/timtierneyottawa.ca\/wp-content\/uploads\/2025\/03\/tshirt-1-768x576.jpg 768w, https:\/\/timtierneyottawa.ca\/wp-content\/uploads\/2025\/03\/tshirt-1-1536x1152.jpg 1536w, https:\/\/timtierneyottawa.ca\/wp-content\/uploads\/2025\/03\/tshirt-1-2048x1536.jpg 2048w, https:\/\/timtierneyottawa.ca\/wp-content\/uploads\/2025\/03\/tshirt-1-600x450.jpg 600w\" sizes=\"auto, (max-width: 359px) 100vw, 359px\" \/>Dans chaque recoin du <i>coin du livre<\/i>, on ressent cette passion. Une chaleur discr\u00e8te mais palpable. Un respect sinc\u00e8re pour chaque visiteur, chaque lecteur. Que l\u2019on cherche le premier livre en fran\u00e7ais pour son enfant, un ouvrage marquant pour sa classe, ou simplement un moment de lecture pour soi, on y trouve une oreille attentive, un regard bienveillant, et toujours, ce d\u00e9sir profond de partager la beaut\u00e9 de notre langue.<\/p>\n<p>Depuis plus de 35 ans, Nathalie met tout son c\u0153ur, son savoir-faire et son \u00e9nergie au service de la francophonie. Elle a fait de cette librairie bien plus qu\u2019un commerce: elle en a fait un lieu de m\u00e9moire, de transmission et de fiert\u00e9. Un lieu o\u00f9 la langue fran\u00e7aise vit pleinement. Un lieu o\u00f9 elle brille.<\/p>\n<p>Le coin du livre, c\u2019est avant tout un geste d\u2019amour. Un amour pour les livres, pour la langue, pour la communaut\u00e9. Ici, les livres sont des passerelles. La langue, un tr\u00e9sor qu\u2019on ch\u00e9rit, qu\u2019on prot\u00e8ge, qu\u2019on offre aux g\u00e9n\u00e9rations \u00e0 venir.<\/p>\n<p>Des \u00e9v\u00e9nements sp\u00e9ciaux ont lieu r\u00e9guli\u00e8rement, tout comme des rencontres communautaires riches en \u00e9changes. Restez \u00e0 l\u2019aff\u00fbt en visitant leur site web ou en les suivant sur Facebook \u2013 il se passe toujours quelque chose de beau au <i>coin du livre<\/i>.<\/p>\n<p>Visitez-les sur <a href=\"http:\/\/www.coindulivre.ca\" target=\"_new\" rel=\"noopener\" data-start=\"3918\" data-end=\"3965\">www.coindulivre.ca<\/a><br data-start=\"3965\" data-end=\"3968\" \/>Suivez-les sur Facebook \u00e0 <a href=\"http:\/\/facebook.com\/coindulivre\" target=\"_new\" rel=\"noopener\" data-start=\"3993\" data-end=\"4052\">facebook.com\/coindulivre<\/a><\/p>\n","protected":false},"excerpt":{"rendered":"<p>Le coin du livre est bien plus qu&#8217;une simple librairie; c&#8217;est un espace d\u00e9di\u00e9 \u00e0 la pr\u00e9servation et \u00e0 l&#8217;enrichissement de la langue et de la culture fran\u00e7aises en Ontario, avec Nathalie Savard au c\u0153ur de cette mission, offrant un lieu d&#8217;apprentissage, de connexion et de communaut\u00e9.<\/p>\n","protected":false},"author":3,"featured_media":2895,"comment_status":"open","ping_status":"open","sticky":false,"template":"","format":"video","meta":{"give_campaign_id":0,"_monsterinsights_skip_tracking":false,"_monsterinsights_sitenote_active":false,"_monsterinsights_sitenote_note":"","_monsterinsights_sitenote_category":0,"footnotes":""},"categories":[72],"tags":[],"class_list":["post-2901","post","type-post","status-publish","format-video","has-post-thumbnail","hentry","category-notre-communaute","post_format-post-format-video"],"aioseo_notices":[],"rttpg_featured_image_url":{"full":["https:\/\/timtierneyottawa.ca\/wp-content\/uploads\/2025\/03\/tshirt.jpg",2560,1920,false],"landscape":["https:\/\/timtierneyottawa.ca\/wp-content\/uploads\/2025\/03\/tshirt.jpg",2560,1920,false],"portraits":["https:\/\/timtierneyottawa.ca\/wp-content\/uploads\/2025\/03\/tshirt.jpg",2560,1920,false],"thumbnail":["https:\/\/timtierneyottawa.ca\/wp-content\/uploads\/2025\/03\/tshirt-150x150.jpg",150,150,true],"medium":["https:\/\/timtierneyottawa.ca\/wp-content\/uploads\/2025\/03\/tshirt-300x225.jpg",300,225,true],"large":["https:\/\/timtierneyottawa.ca\/wp-content\/uploads\/2025\/03\/tshirt-1024x768.jpg",1024,768,true],"1536x1536":["https:\/\/timtierneyottawa.ca\/wp-content\/uploads\/2025\/03\/tshirt-1536x1152.jpg",1536,1152,true],"2048x2048":["https:\/\/timtierneyottawa.ca\/wp-content\/uploads\/2025\/03\/tshirt-2048x1536.jpg",2048,1536,true],"inforward-post-grid":["https:\/\/timtierneyottawa.ca\/wp-content\/uploads\/2025\/03\/tshirt-750x450.jpg",750,450,true],"inforward-full":["https:\/\/timtierneyottawa.ca\/wp-content\/uploads\/2025\/03\/tshirt-1920x480.jpg",1920,480,true],"inforward-post-full":["https:\/\/timtierneyottawa.ca\/wp-content\/uploads\/2025\/03\/tshirt-1140x600.jpg",1140,600,true],"inforward-related-posts-image":["https:\/\/timtierneyottawa.ca\/wp-content\/uploads\/2025\/03\/tshirt-230x150.jpg",230,150,true],"inforward-portfolio-small-image":["https:\/\/timtierneyottawa.ca\/wp-content\/uploads\/2025\/03\/tshirt-360x260.jpg",360,260,true],"inforward-portfolio-big-image":["https:\/\/timtierneyottawa.ca\/wp-content\/uploads\/2025\/03\/tshirt-555x380.jpg",555,380,true],"inforward-testimonial":["https:\/\/timtierneyottawa.ca\/wp-content\/uploads\/2025\/03\/tshirt-263x263.jpg",263,263,true],"inforward-events-slider":["https:\/\/timtierneyottawa.ca\/wp-content\/uploads\/2025\/03\/tshirt-768x300.jpg",768,300,true],"woocommerce_thumbnail":["https:\/\/timtierneyottawa.ca\/wp-content\/uploads\/2025\/03\/tshirt-300x300.jpg",300,300,true],"woocommerce_single":["https:\/\/timtierneyottawa.ca\/wp-content\/uploads\/2025\/03\/tshirt-600x450.jpg",600,450,true],"woocommerce_gallery_thumbnail":["https:\/\/timtierneyottawa.ca\/wp-content\/uploads\/2025\/03\/tshirt-100x100.jpg",100,100,true],"rt_custom":["https:\/\/timtierneyottawa.ca\/wp-content\/uploads\/2025\/03\/tshirt.jpg",2560,1920,false]},"rttpg_author":{"display_name":"Andrea Shane","author_link":"https:\/\/timtierneyottawa.ca\/?author=3"},"rttpg_comment":0,"rttpg_category":"<a href=\"https:\/\/timtierneyottawa.ca\/?cat=72&#038;lang=fr\" rel=\"category\">Notre communaut\u00e9<\/a>","rttpg_excerpt":"Le coin du livre est bien plus qu'une simple librairie; c'est un espace d\u00e9di\u00e9 \u00e0 la pr\u00e9servation et \u00e0 l'enrichissement de la langue et de la culture fran\u00e7aises en Ontario, avec Nathalie Savard au c\u0153ur de cette mission, offrant un lieu d'apprentissage, de connexion et de communaut\u00e9.","_links":{"self":[{"href":"https:\/\/timtierneyottawa.ca\/index.php?rest_route=\/wp\/v2\/posts\/2901","targetHints":{"allow":["GET"]}}],"collection":[{"href":"https:\/\/timtierneyottawa.ca\/index.php?rest_route=\/wp\/v2\/posts"}],"about":[{"href":"https:\/\/timtierneyottawa.ca\/index.php?rest_route=\/wp\/v2\/types\/post"}],"author":[{"embeddable":true,"href":"https:\/\/timtierneyottawa.ca\/index.php?rest_route=\/wp\/v2\/users\/3"}],"replies":[{"embeddable":true,"href":"https:\/\/timtierneyottawa.ca\/index.php?rest_route=%2Fwp%2Fv2%2Fcomments&post=2901"}],"version-history":[{"count":8,"href":"https:\/\/timtierneyottawa.ca\/index.php?rest_route=\/wp\/v2\/posts\/2901\/revisions"}],"predecessor-version":[{"id":2941,"href":"https:\/\/timtierneyottawa.ca\/index.php?rest_route=\/wp\/v2\/posts\/2901\/revisions\/2941"}],"wp:featuredmedia":[{"embeddable":true,"href":"https:\/\/timtierneyottawa.ca\/index.php?rest_route=\/wp\/v2\/media\/2895"}],"wp:attachment":[{"href":"https:\/\/timtierneyottawa.ca\/index.php?rest_route=%2Fwp%2Fv2%2Fmedia&parent=2901"}],"wp:term":[{"taxonomy":"category","embeddable":true,"href":"https:\/\/timtierneyottawa.ca\/index.php?rest_route=%2Fwp%2Fv2%2Fcategories&post=2901"},{"taxonomy":"post_tag","embeddable":true,"href":"https:\/\/timtierneyottawa.ca\/index.php?rest_route=%2Fwp%2Fv2%2Ftags&post=2901"}],"curies":[{"name":"wp","href":"https:\/\/api.w.org\/{rel}","templated":true}]}}