{"id":2924,"date":"2025-03-26T15:21:49","date_gmt":"2025-03-26T15:21:49","guid":{"rendered":"https:\/\/timtierneyottawa.ca\/?p=2924"},"modified":"2025-03-26T15:21:49","modified_gmt":"2025-03-26T15:21:49","slug":"se-connecter-avec-les-futurs-leaders-a-lecole-secondaire-gloucester","status":"publish","type":"post","link":"https:\/\/timtierneyottawa.ca\/?p=2924&lang=fr","title":{"rendered":"Se connecter avec les futurs leaders \u00e0 l&#8217;\u00e9cole secondaire Gloucester"},"content":{"rendered":"<p>J&#8217;ai eu le plaisir de visiter l&#8217;\u00e9cole secondaire Gloucester pour discuter avec la classe de 10e ann\u00e9e en Civisme et Carri\u00e8res dirig\u00e9e par Madame Rachelle Tessier. En tant que fier conseiller municipal pour Beacon Hill &#8211; Cyrville, l&#8217;un des aspects les plus significatifs de mon r\u00f4le est de me connecter directement avec les r\u00e9sidents, y compris nos plus jeunes citoyens, qui commencent d\u00e9j\u00e0 \u00e0 fa\u00e7onner l&#8217;avenir de notre communaut\u00e9.<\/p>\n<p><img loading=\"lazy\" decoding=\"async\" class=\"alignright wp-image-2910 \" src=\"https:\/\/timtierneyottawa.ca\/wp-content\/uploads\/2025\/03\/486076051_10171122447675451_4359467879147857810_n.jpg\" alt=\"\" width=\"315\" height=\"315\" srcset=\"https:\/\/timtierneyottawa.ca\/wp-content\/uploads\/2025\/03\/486076051_10171122447675451_4359467879147857810_n.jpg 640w, https:\/\/timtierneyottawa.ca\/wp-content\/uploads\/2025\/03\/486076051_10171122447675451_4359467879147857810_n-300x300.jpg 300w, https:\/\/timtierneyottawa.ca\/wp-content\/uploads\/2025\/03\/486076051_10171122447675451_4359467879147857810_n-150x150.jpg 150w, https:\/\/timtierneyottawa.ca\/wp-content\/uploads\/2025\/03\/486076051_10171122447675451_4359467879147857810_n-263x263.jpg 263w, https:\/\/timtierneyottawa.ca\/wp-content\/uploads\/2025\/03\/486076051_10171122447675451_4359467879147857810_n-600x600.jpg 600w, https:\/\/timtierneyottawa.ca\/wp-content\/uploads\/2025\/03\/486076051_10171122447675451_4359467879147857810_n-100x100.jpg 100w\" sizes=\"auto, (max-width: 315px) 100vw, 315px\" \/><br \/>\nLa salle de classe de Madame Tessier \u00e9tait remplie d&#8217;\u00e9nergie, de curiosit\u00e9 et de r\u00e9flexion aigu\u00eb. D\u00e8s que je suis entr\u00e9, j&#8217;ai su que ce serait une conversation r\u00e9fl\u00e9chie et captivante. Nous avons commenc\u00e9 par un aper\u00e7u du fonctionnement du gouvernement local, y compris comment les municipalit\u00e9s collaborent avec les partenaires provinciaux et f\u00e9d\u00e9raux, comment les d\u00e9cisions sont prises par le biais de comit\u00e9s et de consultations, et comment les services quotidiens\u2014de d\u00e9neigement aux biblioth\u00e8ques en passant par les transports en commun\u2014sont fa\u00e7onn\u00e9s.<\/p>\n<p>J&#8217;ai \u00e9galement parl\u00e9 de mon propre parcours dans la vie municipale, de ce qui m&#8217;a motiv\u00e9 \u00e0 m&#8217;impliquer, et de la fa\u00e7on dont je travaille maintenant en \u00e9troite collaboration avec les r\u00e9sidents, le personnel de la Ville et d&#8217;autres paliers de gouvernement pour trouver des solutions pratiques aux d\u00e9fis locaux.<\/p>\n<p>Les \u00e9tudiants \u00e9taient incroyablement engag\u00e9s et ont pr\u00e9sent\u00e9 des perspectives r\u00e9fl\u00e9chies qui ont conduit \u00e0 une discussion plus approfondie sur le leadership, la responsabilit\u00e9 et l&#8217;importance de l&#8217;action locale\u2014que ce soit en prenant la parole, en s&#8217;impliquant dans des initiatives scolaires ou communautaires, ou en faisant du b\u00e9n\u00e9volat pour faire une diff\u00e9rence.<\/p>\n<p><img loading=\"lazy\" decoding=\"async\" class=\"alignright wp-image-2912 \" src=\"https:\/\/timtierneyottawa.ca\/wp-content\/uploads\/2025\/03\/486365689_10171122447210451_1438400627004890091_n.jpg\" alt=\"\" width=\"226\" height=\"226\" srcset=\"https:\/\/timtierneyottawa.ca\/wp-content\/uploads\/2025\/03\/486365689_10171122447210451_1438400627004890091_n.jpg 640w, https:\/\/timtierneyottawa.ca\/wp-content\/uploads\/2025\/03\/486365689_10171122447210451_1438400627004890091_n-300x300.jpg 300w, https:\/\/timtierneyottawa.ca\/wp-content\/uploads\/2025\/03\/486365689_10171122447210451_1438400627004890091_n-150x150.jpg 150w, https:\/\/timtierneyottawa.ca\/wp-content\/uploads\/2025\/03\/486365689_10171122447210451_1438400627004890091_n-263x263.jpg 263w, https:\/\/timtierneyottawa.ca\/wp-content\/uploads\/2025\/03\/486365689_10171122447210451_1438400627004890091_n-600x600.jpg 600w, https:\/\/timtierneyottawa.ca\/wp-content\/uploads\/2025\/03\/486365689_10171122447210451_1438400627004890091_n-100x100.jpg 100w\" sizes=\"auto, (max-width: 226px) 100vw, 226px\" \/><br \/>\nCe qui m&#8217;a le plus marqu\u00e9, c&#8217;est \u00e0 quel point ces \u00e9tudiants sont connect\u00e9s aux v\u00e9ritables enjeux auxquels notre ville fait face. Ils ont parl\u00e9 de logement, de changement climatique, d&#8217;acc\u00e8s \u00e0 des transports fiables et de sant\u00e9 mentale\u2014des pr\u00e9occupations qui affectent de nombreux habitants d&#8217;Ottawa. Il \u00e9tait encourageant de les voir non seulement reconna\u00eetre ces d\u00e9fis, mais aussi r\u00e9fl\u00e9chir de mani\u00e8re critique \u00e0 la fa\u00e7on de les aborder.<\/p>\n<p>Un sinc\u00e8re merci \u00e0 Madame Tessier pour avoir cr\u00e9\u00e9 une salle de classe o\u00f9 l&#8217;engagement civique est bien plus qu&#8217;une simple case \u00e0 cocher dans le programme. Ses \u00e9tudiants apprennent clairement \u00e0 \u00eatre des membres inform\u00e9s et actifs de leur communaut\u00e9\u2014et cela gr\u00e2ce \u00e0 l&#8217;espace qu&#8217;elle a cr\u00e9\u00e9 pour des conversations ouvertes et honn\u00eates.<\/p>\n<p><img loading=\"lazy\" decoding=\"async\" class=\"alignright wp-image-2914 \" src=\"https:\/\/timtierneyottawa.ca\/wp-content\/uploads\/2025\/03\/485756905_10171122447195451_7883161347754912844_n.jpg\" alt=\"\" width=\"235\" height=\"235\" srcset=\"https:\/\/timtierneyottawa.ca\/wp-content\/uploads\/2025\/03\/485756905_10171122447195451_7883161347754912844_n.jpg 640w, https:\/\/timtierneyottawa.ca\/wp-content\/uploads\/2025\/03\/485756905_10171122447195451_7883161347754912844_n-300x300.jpg 300w, https:\/\/timtierneyottawa.ca\/wp-content\/uploads\/2025\/03\/485756905_10171122447195451_7883161347754912844_n-150x150.jpg 150w, https:\/\/timtierneyottawa.ca\/wp-content\/uploads\/2025\/03\/485756905_10171122447195451_7883161347754912844_n-263x263.jpg 263w, https:\/\/timtierneyottawa.ca\/wp-content\/uploads\/2025\/03\/485756905_10171122447195451_7883161347754912844_n-600x600.jpg 600w, https:\/\/timtierneyottawa.ca\/wp-content\/uploads\/2025\/03\/485756905_10171122447195451_7883161347754912844_n-100x100.jpg 100w\" sizes=\"auto, (max-width: 235px) 100vw, 235px\" \/><br \/>\nEn tant que conseiller, je crois fermement en l&#8217;importance d&#8217;\u00eatre accessible, transparent et engag\u00e9 dans tous les coins de notre quartier. La visite d&#8217;aujourd&#8217;hui m&#8217;a rappel\u00e9 \u00e0 quel point il est essentiel d&#8217;\u00e9couter, de partager des exp\u00e9riences et d&#8217;inspirer les jeunes \u00e0 participer \u00e0 la cr\u00e9ation de la ville qu&#8217;ils appellent chez eux.<\/p>\n","protected":false},"excerpt":{"rendered":"<p>La visite de la classe de 10e ann\u00e9e en Civisme et Carri\u00e8res de Madame Rachelle Tessier \u00e0 l&#8217;\u00e9cole secondaire Gloucester a \u00e9t\u00e9 un rappel de l&#8217;importance d&#8217;engager les jeunes dans des conversations significatives sur l&#8217;avenir de notre communaut\u00e9.<\/p>\n","protected":false},"author":3,"featured_media":2909,"comment_status":"open","ping_status":"open","sticky":false,"template":"","format":"standard","meta":{"give_campaign_id":0,"_monsterinsights_skip_tracking":false,"_monsterinsights_sitenote_active":false,"_monsterinsights_sitenote_note":"","_monsterinsights_sitenote_category":0,"footnotes":""},"categories":[72],"tags":[],"class_list":["post-2924","post","type-post","status-publish","format-standard","has-post-thumbnail","hentry","category-notre-communaute"],"aioseo_notices":[],"rttpg_featured_image_url":{"full":["https:\/\/timtierneyottawa.ca\/wp-content\/uploads\/2025\/03\/486257036_10171122447555451_3128502959676352388_n.jpg",640,640,false],"landscape":["https:\/\/timtierneyottawa.ca\/wp-content\/uploads\/2025\/03\/486257036_10171122447555451_3128502959676352388_n.jpg",640,640,false],"portraits":["https:\/\/timtierneyottawa.ca\/wp-content\/uploads\/2025\/03\/486257036_10171122447555451_3128502959676352388_n.jpg",640,640,false],"thumbnail":["https:\/\/timtierneyottawa.ca\/wp-content\/uploads\/2025\/03\/486257036_10171122447555451_3128502959676352388_n-150x150.jpg",150,150,true],"medium":["https:\/\/timtierneyottawa.ca\/wp-content\/uploads\/2025\/03\/486257036_10171122447555451_3128502959676352388_n-300x300.jpg",300,300,true],"large":["https:\/\/timtierneyottawa.ca\/wp-content\/uploads\/2025\/03\/486257036_10171122447555451_3128502959676352388_n.jpg",640,640,false],"1536x1536":["https:\/\/timtierneyottawa.ca\/wp-content\/uploads\/2025\/03\/486257036_10171122447555451_3128502959676352388_n.jpg",640,640,false],"2048x2048":["https:\/\/timtierneyottawa.ca\/wp-content\/uploads\/2025\/03\/486257036_10171122447555451_3128502959676352388_n.jpg",640,640,false],"inforward-post-grid":["https:\/\/timtierneyottawa.ca\/wp-content\/uploads\/2025\/03\/486257036_10171122447555451_3128502959676352388_n-640x450.jpg",640,450,true],"inforward-full":["https:\/\/timtierneyottawa.ca\/wp-content\/uploads\/2025\/03\/486257036_10171122447555451_3128502959676352388_n-640x480.jpg",640,480,true],"inforward-post-full":["https:\/\/timtierneyottawa.ca\/wp-content\/uploads\/2025\/03\/486257036_10171122447555451_3128502959676352388_n-640x600.jpg",640,600,true],"inforward-related-posts-image":["https:\/\/timtierneyottawa.ca\/wp-content\/uploads\/2025\/03\/486257036_10171122447555451_3128502959676352388_n-230x150.jpg",230,150,true],"inforward-portfolio-small-image":["https:\/\/timtierneyottawa.ca\/wp-content\/uploads\/2025\/03\/486257036_10171122447555451_3128502959676352388_n-360x260.jpg",360,260,true],"inforward-portfolio-big-image":["https:\/\/timtierneyottawa.ca\/wp-content\/uploads\/2025\/03\/486257036_10171122447555451_3128502959676352388_n-555x380.jpg",555,380,true],"inforward-testimonial":["https:\/\/timtierneyottawa.ca\/wp-content\/uploads\/2025\/03\/486257036_10171122447555451_3128502959676352388_n-263x263.jpg",263,263,true],"inforward-events-slider":["https:\/\/timtierneyottawa.ca\/wp-content\/uploads\/2025\/03\/486257036_10171122447555451_3128502959676352388_n-640x300.jpg",640,300,true],"woocommerce_thumbnail":["https:\/\/timtierneyottawa.ca\/wp-content\/uploads\/2025\/03\/486257036_10171122447555451_3128502959676352388_n-300x300.jpg",300,300,true],"woocommerce_single":["https:\/\/timtierneyottawa.ca\/wp-content\/uploads\/2025\/03\/486257036_10171122447555451_3128502959676352388_n-600x600.jpg",600,600,true],"woocommerce_gallery_thumbnail":["https:\/\/timtierneyottawa.ca\/wp-content\/uploads\/2025\/03\/486257036_10171122447555451_3128502959676352388_n-100x100.jpg",100,100,true],"rt_custom":["https:\/\/timtierneyottawa.ca\/wp-content\/uploads\/2025\/03\/486257036_10171122447555451_3128502959676352388_n.jpg",640,640,false]},"rttpg_author":{"display_name":"Andrea Shane","author_link":"https:\/\/timtierneyottawa.ca\/?author=3"},"rttpg_comment":0,"rttpg_category":"<a href=\"https:\/\/timtierneyottawa.ca\/?cat=72&#038;lang=fr\" rel=\"category\">Notre communaut\u00e9<\/a>","rttpg_excerpt":"La visite de la classe de 10e ann\u00e9e en Civisme et Carri\u00e8res de Madame Rachelle Tessier \u00e0 l'\u00e9cole secondaire Gloucester a \u00e9t\u00e9 un rappel de l'importance d'engager les jeunes dans des conversations significatives sur l'avenir de notre communaut\u00e9.","_links":{"self":[{"href":"https:\/\/timtierneyottawa.ca\/index.php?rest_route=\/wp\/v2\/posts\/2924","targetHints":{"allow":["GET"]}}],"collection":[{"href":"https:\/\/timtierneyottawa.ca\/index.php?rest_route=\/wp\/v2\/posts"}],"about":[{"href":"https:\/\/timtierneyottawa.ca\/index.php?rest_route=\/wp\/v2\/types\/post"}],"author":[{"embeddable":true,"href":"https:\/\/timtierneyottawa.ca\/index.php?rest_route=\/wp\/v2\/users\/3"}],"replies":[{"embeddable":true,"href":"https:\/\/timtierneyottawa.ca\/index.php?rest_route=%2Fwp%2Fv2%2Fcomments&post=2924"}],"version-history":[{"count":0,"href":"https:\/\/timtierneyottawa.ca\/index.php?rest_route=\/wp\/v2\/posts\/2924\/revisions"}],"wp:featuredmedia":[{"embeddable":true,"href":"https:\/\/timtierneyottawa.ca\/index.php?rest_route=\/wp\/v2\/media\/2909"}],"wp:attachment":[{"href":"https:\/\/timtierneyottawa.ca\/index.php?rest_route=%2Fwp%2Fv2%2Fmedia&parent=2924"}],"wp:term":[{"taxonomy":"category","embeddable":true,"href":"https:\/\/timtierneyottawa.ca\/index.php?rest_route=%2Fwp%2Fv2%2Fcategories&post=2924"},{"taxonomy":"post_tag","embeddable":true,"href":"https:\/\/timtierneyottawa.ca\/index.php?rest_route=%2Fwp%2Fv2%2Ftags&post=2924"}],"curies":[{"name":"wp","href":"https:\/\/api.w.org\/{rel}","templated":true}]}}