{"id":3013,"date":"2025-04-08T19:35:43","date_gmt":"2025-04-08T19:35:43","guid":{"rendered":"https:\/\/timtierneyottawa.ca\/?p=3013"},"modified":"2025-04-08T19:35:43","modified_gmt":"2025-04-08T19:35:43","slug":"une-visite-a-la-classe-de-5e-annee-de-lecole-le-phare","status":"publish","type":"post","link":"https:\/\/timtierneyottawa.ca\/?p=3013&lang=fr","title":{"rendered":"Une visite \u00e0 la classe de 5e ann\u00e9e de l&#8217;\u00e9cole Le Phare"},"content":{"rendered":"<p><span data-teams=\"true\">J&#8217;ai eu la chance de visiter la classe de 5e ann\u00e9e \u00e0 l&#8217;\u00e9cole Le Phare, et d\u00e8s que je suis entr\u00e9, il \u00e9tait clair que cette matin\u00e9e ne serait pas calme\u2014et je veux dire \u00e7a dans le meilleur des sens.<img loading=\"lazy\" decoding=\"async\" class=\"alignright wp-image-3006 \" src=\"https:\/\/timtierneyottawa.ca\/wp-content\/uploads\/2025\/04\/f64d9780-246c-4cf5-a508-7f133627096b.jpg\" alt=\"\" width=\"330\" height=\"248\" srcset=\"https:\/\/timtierneyottawa.ca\/wp-content\/uploads\/2025\/04\/f64d9780-246c-4cf5-a508-7f133627096b.jpg 800w, https:\/\/timtierneyottawa.ca\/wp-content\/uploads\/2025\/04\/f64d9780-246c-4cf5-a508-7f133627096b-300x225.jpg 300w, https:\/\/timtierneyottawa.ca\/wp-content\/uploads\/2025\/04\/f64d9780-246c-4cf5-a508-7f133627096b-768x576.jpg 768w, https:\/\/timtierneyottawa.ca\/wp-content\/uploads\/2025\/04\/f64d9780-246c-4cf5-a508-7f133627096b-600x450.jpg 600w\" sizes=\"auto, (max-width: 330px) 100vw, 330px\" \/><\/span><\/p>\n<p>Les \u00e9l\u00e8ves \u00e9taient <i>compl\u00e8tement<\/i> engag\u00e9s. Tout le monde avait la main lev\u00e9e. Tout le monde avait une question. Et pas juste des questions faciles! Ils ont pos\u00e9 des questions sur l&#8217;am\u00e9nagement urbain, la s\u00e9curit\u00e9 routi\u00e8re, comment les parcs sont construits, et comment les d\u00e9cisions sont prises \u00e0 l&#8217;H\u00f4tel de Ville. Certains voulaient savoir si je rencontre souvent le maire (je le fais!), si j&#8217;ai d\u00e9j\u00e0 aid\u00e9 \u00e0 r\u00e9soudre un probl\u00e8me dans leur rue (j&#8217;esp\u00e8re bien!), et m\u00eame quel \u00e2ge il faut avoir pour se pr\u00e9senter comme conseiller (18 ans!). Un \u00e9l\u00e8ve a demand\u00e9 combien de temps il faut pour r\u00e9aliser un projet dans la ville, et un autre a demand\u00e9 comment les conseillers s&#8217;entendent lorsque les gens veulent des choses diff\u00e9rentes\u2014des questions vraiment r\u00e9fl\u00e9chies qui montrent \u00e0 quel point ils portent attention au monde qui les entoure.<\/p>\n<p>Nous avons aussi parl\u00e9 de choses plus proches de chez nous\u2014comme ce qui fait un bon quartier, pourquoi la communaut\u00e9 est importante, et comment les \u00e9l\u00e8ves peuvent d\u00e9j\u00e0 s&#8217;impliquer. Je leur ai parl\u00e9 des journ\u00e9es de nettoyage local, des collectes de nourriture, et de la mani\u00e8re dont ils peuvent partager leurs voix\u2014m\u00eame \u00e0 leur \u00e2ge\u2014pour avoir un vrai impact.<img loading=\"lazy\" decoding=\"async\" class=\"alignright wp-image-3008 \" src=\"https:\/\/timtierneyottawa.ca\/wp-content\/uploads\/2025\/04\/05294610-a598-45f1-8e24-0b834e0a4567.jpg\" alt=\"\" width=\"274\" height=\"206\" srcset=\"https:\/\/timtierneyottawa.ca\/wp-content\/uploads\/2025\/04\/05294610-a598-45f1-8e24-0b834e0a4567.jpg 800w, https:\/\/timtierneyottawa.ca\/wp-content\/uploads\/2025\/04\/05294610-a598-45f1-8e24-0b834e0a4567-300x225.jpg 300w, https:\/\/timtierneyottawa.ca\/wp-content\/uploads\/2025\/04\/05294610-a598-45f1-8e24-0b834e0a4567-768x576.jpg 768w, https:\/\/timtierneyottawa.ca\/wp-content\/uploads\/2025\/04\/05294610-a598-45f1-8e24-0b834e0a4567-600x450.jpg 600w\" sizes=\"auto, (max-width: 274px) 100vw, 274px\" \/><\/p>\n<p>Ce qui m&#8217;a le plus marqu\u00e9, c&#8217;est la mani\u00e8re respectueuse et solidaire qu&#8217;ils ont les uns envers les autres. Quand un \u00e9l\u00e8ve posait une question, les autres \u00e9coutaient, hochaient la t\u00eate, et parfois ajoutaient m\u00eame quelque chose. On avait l&#8217;impression d&#8217;\u00eatre plus dans une \u00e9quipe que dans une simple classe\u2014et \u00e7a en dit long sur la culture que leur enseignant(e) a cr\u00e9\u00e9e.<\/p>\n<p>Un immense merci \u00e0 cet(te) enseignant(e) d&#8217;avoir cr\u00e9\u00e9 un espace d&#8217;apprentissage aussi accueillant, encourageant et dynamique. Les \u00e9l\u00e8ves se sentent clairement en s\u00e9curit\u00e9 pour s&#8217;exprimer, r\u00e9fl\u00e9chir de mani\u00e8re critique, et s&#8217;amuser un peu en chemin (ils avaient aussi quelques blagues pour moi\u2014certaines \u00e9taient m\u00eame assez bonnes!).<img loading=\"lazy\" decoding=\"async\" class=\"alignright wp-image-3010 \" src=\"https:\/\/timtierneyottawa.ca\/wp-content\/uploads\/2025\/04\/488768911_1088359753100040_3762270769292734236_n.jpg\" alt=\"\" width=\"269\" height=\"187\" srcset=\"https:\/\/timtierneyottawa.ca\/wp-content\/uploads\/2025\/04\/488768911_1088359753100040_3762270769292734236_n.jpg 1920w, https:\/\/timtierneyottawa.ca\/wp-content\/uploads\/2025\/04\/488768911_1088359753100040_3762270769292734236_n-300x208.jpg 300w, https:\/\/timtierneyottawa.ca\/wp-content\/uploads\/2025\/04\/488768911_1088359753100040_3762270769292734236_n-1024x711.jpg 1024w, https:\/\/timtierneyottawa.ca\/wp-content\/uploads\/2025\/04\/488768911_1088359753100040_3762270769292734236_n-768x534.jpg 768w, https:\/\/timtierneyottawa.ca\/wp-content\/uploads\/2025\/04\/488768911_1088359753100040_3762270769292734236_n-1536x1067.jpg 1536w, https:\/\/timtierneyottawa.ca\/wp-content\/uploads\/2025\/04\/488768911_1088359753100040_3762270769292734236_n-600x417.jpg 600w\" sizes=\"auto, (max-width: 269px) 100vw, 269px\" \/><\/p>\n<p>Aux \u00e9l\u00e8ves de 5e ann\u00e9e de l&#8217;\u00e9cole Le Phare : merci pour l&#8217;accueil chaleureux, les grandes questions, et les belles conversations. Vous m&#8217;avez rappel\u00e9 que la curiosit\u00e9 et la gentillesse peuvent aller loin\u2014et que la prochaine g\u00e9n\u00e9ration pense d\u00e9j\u00e0 \u00e0 comment am\u00e9liorer sa ville.<\/p>\n","protected":false},"excerpt":{"rendered":"<p>Visiter la classe de 5e ann\u00e9e \u00e0 l&#8217;\u00e9cole Le Phare a \u00e9t\u00e9 une exp\u00e9rience inspirante, o\u00f9 la curiosit\u00e9, la pens\u00e9e critique et le respect qu&#8217;ils se portent les uns les autres se sont clairement manifest\u00e9s \u00e0 travers leurs questions r\u00e9fl\u00e9chies sur l&#8217;am\u00e9nagement urbain, la communaut\u00e9 et la fa\u00e7on dont ils peuvent faire une diff\u00e9rence.<\/p>\n","protected":false},"author":3,"featured_media":3005,"comment_status":"open","ping_status":"open","sticky":false,"template":"","format":"standard","meta":{"give_campaign_id":0,"_monsterinsights_skip_tracking":false,"_monsterinsights_sitenote_active":false,"_monsterinsights_sitenote_note":"","_monsterinsights_sitenote_category":0,"footnotes":""},"categories":[72],"tags":[],"class_list":["post-3013","post","type-post","status-publish","format-standard","has-post-thumbnail","hentry","category-notre-communaute"],"aioseo_notices":[],"rttpg_featured_image_url":{"full":["https:\/\/timtierneyottawa.ca\/wp-content\/uploads\/2025\/04\/6ca0ea75-5b08-45cd-a0a9-65d0cd059bfb.jpg",800,600,false],"landscape":["https:\/\/timtierneyottawa.ca\/wp-content\/uploads\/2025\/04\/6ca0ea75-5b08-45cd-a0a9-65d0cd059bfb.jpg",800,600,false],"portraits":["https:\/\/timtierneyottawa.ca\/wp-content\/uploads\/2025\/04\/6ca0ea75-5b08-45cd-a0a9-65d0cd059bfb.jpg",800,600,false],"thumbnail":["https:\/\/timtierneyottawa.ca\/wp-content\/uploads\/2025\/04\/6ca0ea75-5b08-45cd-a0a9-65d0cd059bfb-150x150.jpg",150,150,true],"medium":["https:\/\/timtierneyottawa.ca\/wp-content\/uploads\/2025\/04\/6ca0ea75-5b08-45cd-a0a9-65d0cd059bfb-300x225.jpg",300,225,true],"large":["https:\/\/timtierneyottawa.ca\/wp-content\/uploads\/2025\/04\/6ca0ea75-5b08-45cd-a0a9-65d0cd059bfb.jpg",800,600,false],"1536x1536":["https:\/\/timtierneyottawa.ca\/wp-content\/uploads\/2025\/04\/6ca0ea75-5b08-45cd-a0a9-65d0cd059bfb.jpg",800,600,false],"2048x2048":["https:\/\/timtierneyottawa.ca\/wp-content\/uploads\/2025\/04\/6ca0ea75-5b08-45cd-a0a9-65d0cd059bfb.jpg",800,600,false],"inforward-post-grid":["https:\/\/timtierneyottawa.ca\/wp-content\/uploads\/2025\/04\/6ca0ea75-5b08-45cd-a0a9-65d0cd059bfb-750x450.jpg",750,450,true],"inforward-full":["https:\/\/timtierneyottawa.ca\/wp-content\/uploads\/2025\/04\/6ca0ea75-5b08-45cd-a0a9-65d0cd059bfb-800x480.jpg",800,480,true],"inforward-post-full":["https:\/\/timtierneyottawa.ca\/wp-content\/uploads\/2025\/04\/6ca0ea75-5b08-45cd-a0a9-65d0cd059bfb.jpg",800,600,false],"inforward-related-posts-image":["https:\/\/timtierneyottawa.ca\/wp-content\/uploads\/2025\/04\/6ca0ea75-5b08-45cd-a0a9-65d0cd059bfb-230x150.jpg",230,150,true],"inforward-portfolio-small-image":["https:\/\/timtierneyottawa.ca\/wp-content\/uploads\/2025\/04\/6ca0ea75-5b08-45cd-a0a9-65d0cd059bfb-360x260.jpg",360,260,true],"inforward-portfolio-big-image":["https:\/\/timtierneyottawa.ca\/wp-content\/uploads\/2025\/04\/6ca0ea75-5b08-45cd-a0a9-65d0cd059bfb-555x380.jpg",555,380,true],"inforward-testimonial":["https:\/\/timtierneyottawa.ca\/wp-content\/uploads\/2025\/04\/6ca0ea75-5b08-45cd-a0a9-65d0cd059bfb-263x263.jpg",263,263,true],"inforward-events-slider":["https:\/\/timtierneyottawa.ca\/wp-content\/uploads\/2025\/04\/6ca0ea75-5b08-45cd-a0a9-65d0cd059bfb-768x300.jpg",768,300,true],"woocommerce_thumbnail":["https:\/\/timtierneyottawa.ca\/wp-content\/uploads\/2025\/04\/6ca0ea75-5b08-45cd-a0a9-65d0cd059bfb-300x300.jpg",300,300,true],"woocommerce_single":["https:\/\/timtierneyottawa.ca\/wp-content\/uploads\/2025\/04\/6ca0ea75-5b08-45cd-a0a9-65d0cd059bfb-600x450.jpg",600,450,true],"woocommerce_gallery_thumbnail":["https:\/\/timtierneyottawa.ca\/wp-content\/uploads\/2025\/04\/6ca0ea75-5b08-45cd-a0a9-65d0cd059bfb-100x100.jpg",100,100,true],"rt_custom":["https:\/\/timtierneyottawa.ca\/wp-content\/uploads\/2025\/04\/6ca0ea75-5b08-45cd-a0a9-65d0cd059bfb.jpg",800,600,false]},"rttpg_author":{"display_name":"Andrea Shane","author_link":"https:\/\/timtierneyottawa.ca\/?author=3"},"rttpg_comment":0,"rttpg_category":"<a href=\"https:\/\/timtierneyottawa.ca\/?cat=72&#038;lang=fr\" rel=\"category\">Notre communaut\u00e9<\/a>","rttpg_excerpt":"Visiter la classe de 5e ann\u00e9e \u00e0 l'\u00e9cole Le Phare a \u00e9t\u00e9 une exp\u00e9rience inspirante, o\u00f9 la curiosit\u00e9, la pens\u00e9e critique et le respect qu'ils se portent les uns les autres se sont clairement manifest\u00e9s \u00e0 travers leurs questions r\u00e9fl\u00e9chies sur l'am\u00e9nagement urbain, la communaut\u00e9 et la fa\u00e7on dont ils peuvent faire une diff\u00e9rence.","_links":{"self":[{"href":"https:\/\/timtierneyottawa.ca\/index.php?rest_route=\/wp\/v2\/posts\/3013","targetHints":{"allow":["GET"]}}],"collection":[{"href":"https:\/\/timtierneyottawa.ca\/index.php?rest_route=\/wp\/v2\/posts"}],"about":[{"href":"https:\/\/timtierneyottawa.ca\/index.php?rest_route=\/wp\/v2\/types\/post"}],"author":[{"embeddable":true,"href":"https:\/\/timtierneyottawa.ca\/index.php?rest_route=\/wp\/v2\/users\/3"}],"replies":[{"embeddable":true,"href":"https:\/\/timtierneyottawa.ca\/index.php?rest_route=%2Fwp%2Fv2%2Fcomments&post=3013"}],"version-history":[{"count":0,"href":"https:\/\/timtierneyottawa.ca\/index.php?rest_route=\/wp\/v2\/posts\/3013\/revisions"}],"wp:featuredmedia":[{"embeddable":true,"href":"https:\/\/timtierneyottawa.ca\/index.php?rest_route=\/wp\/v2\/media\/3005"}],"wp:attachment":[{"href":"https:\/\/timtierneyottawa.ca\/index.php?rest_route=%2Fwp%2Fv2%2Fmedia&parent=3013"}],"wp:term":[{"taxonomy":"category","embeddable":true,"href":"https:\/\/timtierneyottawa.ca\/index.php?rest_route=%2Fwp%2Fv2%2Fcategories&post=3013"},{"taxonomy":"post_tag","embeddable":true,"href":"https:\/\/timtierneyottawa.ca\/index.php?rest_route=%2Fwp%2Fv2%2Ftags&post=3013"}],"curies":[{"name":"wp","href":"https:\/\/api.w.org\/{rel}","templated":true}]}}