{"id":3041,"date":"2025-04-11T18:59:29","date_gmt":"2025-04-11T18:59:29","guid":{"rendered":"https:\/\/timtierneyottawa.ca\/?p=3041"},"modified":"2025-04-11T18:59:29","modified_gmt":"2025-04-11T18:59:29","slug":"le-retour-du-sens-mile-une-fiere-tradition-dottawa-ravivee","status":"publish","type":"post","link":"https:\/\/timtierneyottawa.ca\/?p=3041&lang=fr","title":{"rendered":"Le retour du Sens Mile : Une fi\u00e8re tradition d&#8217;Ottawa raviv\u00e9e"},"content":{"rendered":"<p><span data-teams=\"true\">C&#8217;\u00e9tait un apr\u00e8s-midi frais et lumineux sur la rue Elgin \u2014 ce genre d&#8217;air printanier qui porte une promesse \u2014 lorsqu&#8217;un \u00e9v\u00e9nement ind\u00e9niable a commenc\u00e9 \u00e0 se produire. Pour la premi\u00e8re fois en huit ans, les \u00e9quipes municipales ont soigneusement \u00e9lev\u00e9 une enseigne rouge et noire famili\u00e8re au-dessus du trottoir. Audacieuse, simple et puissante : <b>Sens Mile<\/b>.<\/span><\/p>\n<p>Avec cette seule enseigne, toute la ville est redevenue en mode s\u00e9ries \u00e9liminatoires.<\/p>\n<p>Les S\u00e9nateurs d&#8217;Ottawa sont de retour en post-saison, et ainsi une tradition bien ancr\u00e9e au c\u0153ur de notre capitale. Pour ceux qui se souviennent de 2007, 2013, 2015 et 2017 \u2014 ces nuits de printemps inoubliables o\u00f9 des inconnus sont devenus co\u00e9quipiers et o\u00f9 les klaxons sont devenus une symphonie de soutien \u2014 le retour du Sens Mile est plus qu&#8217;un symbole. C&#8217;est un retour \u00e0 la maison.<\/p>\n<p>L&#8217;installation de cette ann\u00e9e semblait plus grande que d&#8217;habitude. Le maire Mark Sutcliffe \u00e9tait pr\u00e9sent, debout fi\u00e8rement alors que l&#8217;enseigne \u00e9tait fix\u00e9e en place. Il n&#8217;\u00e9tait pas seulement l\u00e0 en tant que repr\u00e9sentant officiel \u2014 il \u00e9tait l\u00e0 en tant que fan. \u00c0 ses c\u00f4t\u00e9s se trouvait Claire Hanna de TSN, micro en main, diffusant l&#8217;effervescence qui \u00e9tait revenue sur la rue Elgin avec une pr\u00e9cision digne des s\u00e9ries \u00e9liminatoires. Et bien s\u00fbr, aucune c\u00e9l\u00e9bration des S\u00e9nateurs ne serait compl\u00e8te sans Spartacat. Le mascotte ador\u00e9 des S\u00e9nateurs a ajout\u00e9 sa touche caract\u00e9ristique, agitant des drapeaux, posant pour des photos et donnant des high-fives \u00e0 presque tous ceux qui se trouvaient \u00e0 port\u00e9e. La coll\u00e8gue du conseil Ariel Troster \u00e9tait aussi pr\u00e9sente, se joignant \u00e0 l&#8217;excitation et c\u00e9l\u00e9brant ce moment avec la foule.<img loading=\"lazy\" decoding=\"async\" class=\"alignright wp-image-3049 \" src=\"https:\/\/timtierneyottawa.ca\/wp-content\/uploads\/2025\/04\/2ea166a2-af06-4128-b744-bc6c06f0970d.jpg\" alt=\"\" width=\"282\" height=\"377\" srcset=\"https:\/\/timtierneyottawa.ca\/wp-content\/uploads\/2025\/04\/2ea166a2-af06-4128-b744-bc6c06f0970d.jpg 600w, https:\/\/timtierneyottawa.ca\/wp-content\/uploads\/2025\/04\/2ea166a2-af06-4128-b744-bc6c06f0970d-225x300.jpg 225w\" sizes=\"auto, (max-width: 282px) 100vw, 282px\" \/><\/p>\n<p>L&#8217;\u00e9nergie dans la rue \u00e9tait \u00e9lectrique. Les voitures klaxonnaient en passant. Les pi\u00e9tons s&#8217;arr\u00eataient pour prendre des photos. Ce n&#8217;\u00e9tait pas seulement une \u00e9quipe qui se qualifiait pour les s\u00e9ries \u00e9liminatoires \u2014 c&#8217;\u00e9tait une communaut\u00e9 qui reprenait un rituel. Le Sens Mile est la fa\u00e7on dont Ottawa dit : <i>nous croyons<\/i>. Pas seulement en notre \u00e9quipe, mais dans la puissance de l&#8217;unit\u00e9.<\/p>\n<p>Mais tandis que l&#8217;apr\u00e8s-midi appartenait \u00e0 la foule, aux cam\u00e9ras et \u00e0 l&#8217;\u00e9quipe sur la rue Elgin, l&#8217;histoire des enseignes Sens Mile a commenc\u00e9 bien avant que le premier boulon ne soit viss\u00e9.<\/p>\n<p>Dans les coulisses, des semaines d&#8217;efforts ont \u00e9t\u00e9 consacr\u00e9es \u00e0 redonner vie \u00e0 ces enseignes. La nouvelle \u00e9dition de 2025 a \u00e9t\u00e9 con\u00e7ue et fabriqu\u00e9e avec soin et fiert\u00e9 par trois individus incroyables : Pat Horan, Doug Monahan et Michael Moir. Ce ne sont pas seulement des noms sur une liste \u2014 ce sont des gens qui, discr\u00e8tement, font des miracles dans cette ville. Bien avant que le maire ne donne son feu vert, ils \u00e9taient d\u00e9j\u00e0 au travail, recherchant des mat\u00e9riaux, affinant la conception et pr\u00e9parant chaque enseigne \u00e0 la main.<\/p>\n<p>Dans l&#8217;atelier, le bourdonnement des scies et des outils \u00e9tait accompagn\u00e9 de la fiert\u00e9 dans chaque d\u00e9tail. Ce n&#8217;\u00e9tait pas simplement un autre travail d&#8217;enseigne. Pour Pat, Doug et Michael, c&#8217;\u00e9tait l&#8217;occasion de contribuer \u00e0 quelque chose de plus grand. Ils savaient que ces enseignes porteraient plus que de la peinture \u2014 elles porteraient de l&#8217;\u00e9motion. Elles porteraient de l&#8217;histoire. Elles porteraient le poids d&#8217;une ville qui a attendu huit saisons pour ressentir \u00e0 nouveau ce sentiment.<\/p>\n<p>Chaque enseigne Sens Mile a \u00e9t\u00e9 con\u00e7ue avec la durabilit\u00e9 et la visibilit\u00e9 \u00e0 l&#8217;esprit, mais aussi avec un certain respect. Il s&#8217;agissait d&#8217;honorer la tradition tout en avan\u00e7ant fi\u00e8rement vers l&#8217;avenir. Une fois termin\u00e9es, les enseignes ont \u00e9t\u00e9 inspect\u00e9es, nettoy\u00e9es et soigneusement charg\u00e9es pour leur installation \u2014 pr\u00eates \u00e0 reprendre leur place au-dessus des rues o\u00f9 les r\u00eaves des s\u00e9ries \u00e9liminatoires prennent vie.<\/p>\n<p><iframe loading=\"lazy\" title=\"senssigns-720p\" src=\"https:\/\/player.vimeo.com\/video\/1074680370?dnt=1&amp;app_id=122963\" width=\"563\" height=\"1000\" frameborder=\"0\" allow=\"autoplay; fullscreen; picture-in-picture; clipboard-write; encrypted-media\"><\/iframe><\/p>\n<p>&nbsp;<\/p>\n<p>Et maintenant, elles sont l\u00e0. La rue Elgin a \u00e9t\u00e9 transform\u00e9e. Les caf\u00e9s, magasins et terrasses sont tous en rouge. Les conversations se tournent vers les alignements et les matchs. Des drapeaux flottent depuis les balcons. M\u00eame l&#8217;air semble diff\u00e9rent \u2014 plein de possibilit\u00e9s.<\/p>\n<p><img loading=\"lazy\" decoding=\"async\" class=\"alignright wp-image-3051 \" src=\"https:\/\/timtierneyottawa.ca\/wp-content\/uploads\/2025\/04\/4d6e349b-7761-4502-bb94-a92d15c4b81c.jpg\" alt=\"\" width=\"363\" height=\"272\" srcset=\"https:\/\/timtierneyottawa.ca\/wp-content\/uploads\/2025\/04\/4d6e349b-7761-4502-bb94-a92d15c4b81c.jpg 800w, https:\/\/timtierneyottawa.ca\/wp-content\/uploads\/2025\/04\/4d6e349b-7761-4502-bb94-a92d15c4b81c-300x225.jpg 300w, https:\/\/timtierneyottawa.ca\/wp-content\/uploads\/2025\/04\/4d6e349b-7761-4502-bb94-a92d15c4b81c-768x576.jpg 768w, https:\/\/timtierneyottawa.ca\/wp-content\/uploads\/2025\/04\/4d6e349b-7761-4502-bb94-a92d15c4b81c-600x450.jpg 600w\" sizes=\"auto, (max-width: 363px) 100vw, 363px\" \/>Le Sens Mile n&#8217;est pas seulement un tron\u00e7on de route. C&#8217;est un point de pulsation. Un endroit o\u00f9 la ville prend vie \u00e0 l&#8217;unisson. O\u00f9 une victoire semble \u00eatre plus que deux points sur le tableau. O\u00f9 l&#8217;on peut marcher bloc apr\u00e8s bloc et sentir, au plus profond de soi, qu&#8217;Ottawa est unie dans cette aventure.<\/p>\n<p>Alors, \u00e0 l&#8217;approche du drop du puck et \u00e0 mesure que la ville devient plus bruyante, laissez les enseignes vous rappeler : nous faisons partie de quelque chose de sp\u00e9cial. Que vous soyez au centre-ville \u00e0 agiter une serviette, que vous regardiez depuis votre pub de quartier, ou que vous suiviez chaque changement depuis chez vous, vous faites partie de cette \u00e9quipe.<\/p>\n<p>Les enseignes sont l\u00e0. Le Mile est de retour. Et Ottawa est pr\u00eate.<\/p>\n<p><b>Go Sens Go.<\/b><\/p>\n","protected":false},"excerpt":{"rendered":"<p>Le Sens Mile est de retour apr\u00e8s huit ans, ravivant l&#8217;esprit des s\u00e9ries \u00e9liminatoires d&#8217;Ottawa avec fiert\u00e9, tradition et une vague de fiert\u00e9 des S\u00e9nateurs \u00e0 travers la ville.<\/p>\n","protected":false},"author":3,"featured_media":3048,"comment_status":"open","ping_status":"open","sticky":false,"template":"","format":"standard","meta":{"give_campaign_id":0,"_monsterinsights_skip_tracking":false,"_monsterinsights_sitenote_active":false,"_monsterinsights_sitenote_note":"","_monsterinsights_sitenote_category":0,"footnotes":""},"categories":[77],"tags":[],"class_list":["post-3041","post","type-post","status-publish","format-standard","has-post-thumbnail","hentry","category-news-fr"],"aioseo_notices":[],"rttpg_featured_image_url":{"full":["https:\/\/timtierneyottawa.ca\/wp-content\/uploads\/2025\/04\/089a8dbb-cdca-41a8-ac73-2f5c120c1ff6-e1744397501844.jpg",600,800,false],"landscape":["https:\/\/timtierneyottawa.ca\/wp-content\/uploads\/2025\/04\/089a8dbb-cdca-41a8-ac73-2f5c120c1ff6-e1744397501844.jpg",600,800,false],"portraits":["https:\/\/timtierneyottawa.ca\/wp-content\/uploads\/2025\/04\/089a8dbb-cdca-41a8-ac73-2f5c120c1ff6-e1744397501844.jpg",600,800,false],"thumbnail":["https:\/\/timtierneyottawa.ca\/wp-content\/uploads\/2025\/04\/089a8dbb-cdca-41a8-ac73-2f5c120c1ff6-150x150.jpg",150,150,true],"medium":["https:\/\/timtierneyottawa.ca\/wp-content\/uploads\/2025\/04\/089a8dbb-cdca-41a8-ac73-2f5c120c1ff6-225x300.jpg",225,300,true],"large":["https:\/\/timtierneyottawa.ca\/wp-content\/uploads\/2025\/04\/089a8dbb-cdca-41a8-ac73-2f5c120c1ff6-e1744397501844.jpg",600,800,false],"1536x1536":["https:\/\/timtierneyottawa.ca\/wp-content\/uploads\/2025\/04\/089a8dbb-cdca-41a8-ac73-2f5c120c1ff6-e1744397501844.jpg",600,800,false],"2048x2048":["https:\/\/timtierneyottawa.ca\/wp-content\/uploads\/2025\/04\/089a8dbb-cdca-41a8-ac73-2f5c120c1ff6-e1744397501844.jpg",600,800,false],"inforward-post-grid":["https:\/\/timtierneyottawa.ca\/wp-content\/uploads\/2025\/04\/089a8dbb-cdca-41a8-ac73-2f5c120c1ff6-600x450.jpg",600,450,true],"inforward-full":["https:\/\/timtierneyottawa.ca\/wp-content\/uploads\/2025\/04\/089a8dbb-cdca-41a8-ac73-2f5c120c1ff6-600x480.jpg",600,480,true],"inforward-post-full":["https:\/\/timtierneyottawa.ca\/wp-content\/uploads\/2025\/04\/089a8dbb-cdca-41a8-ac73-2f5c120c1ff6-600x600.jpg",600,600,true],"inforward-related-posts-image":["https:\/\/timtierneyottawa.ca\/wp-content\/uploads\/2025\/04\/089a8dbb-cdca-41a8-ac73-2f5c120c1ff6-230x150.jpg",230,150,true],"inforward-portfolio-small-image":["https:\/\/timtierneyottawa.ca\/wp-content\/uploads\/2025\/04\/089a8dbb-cdca-41a8-ac73-2f5c120c1ff6-360x260.jpg",360,260,true],"inforward-portfolio-big-image":["https:\/\/timtierneyottawa.ca\/wp-content\/uploads\/2025\/04\/089a8dbb-cdca-41a8-ac73-2f5c120c1ff6-555x380.jpg",555,380,true],"inforward-testimonial":["https:\/\/timtierneyottawa.ca\/wp-content\/uploads\/2025\/04\/089a8dbb-cdca-41a8-ac73-2f5c120c1ff6-263x263.jpg",263,263,true],"inforward-events-slider":["https:\/\/timtierneyottawa.ca\/wp-content\/uploads\/2025\/04\/089a8dbb-cdca-41a8-ac73-2f5c120c1ff6-600x300.jpg",600,300,true],"woocommerce_thumbnail":["https:\/\/timtierneyottawa.ca\/wp-content\/uploads\/2025\/04\/089a8dbb-cdca-41a8-ac73-2f5c120c1ff6-300x300.jpg",300,300,true],"woocommerce_single":["https:\/\/timtierneyottawa.ca\/wp-content\/uploads\/2025\/04\/089a8dbb-cdca-41a8-ac73-2f5c120c1ff6-e1744397501844.jpg",600,800,false],"woocommerce_gallery_thumbnail":["https:\/\/timtierneyottawa.ca\/wp-content\/uploads\/2025\/04\/089a8dbb-cdca-41a8-ac73-2f5c120c1ff6-100x100.jpg",100,100,true],"rt_custom":["https:\/\/timtierneyottawa.ca\/wp-content\/uploads\/2025\/04\/089a8dbb-cdca-41a8-ac73-2f5c120c1ff6-e1744397501844.jpg",600,800,false]},"rttpg_author":{"display_name":"Andrea Shane","author_link":"https:\/\/timtierneyottawa.ca\/?author=3"},"rttpg_comment":0,"rttpg_category":"<a href=\"https:\/\/timtierneyottawa.ca\/?cat=77&#038;lang=fr\" rel=\"category\">Nouvelles<\/a>","rttpg_excerpt":"Le Sens Mile est de retour apr\u00e8s huit ans, ravivant l'esprit des s\u00e9ries \u00e9liminatoires d'Ottawa avec fiert\u00e9, tradition et une vague de fiert\u00e9 des S\u00e9nateurs \u00e0 travers la ville.","_links":{"self":[{"href":"https:\/\/timtierneyottawa.ca\/index.php?rest_route=\/wp\/v2\/posts\/3041","targetHints":{"allow":["GET"]}}],"collection":[{"href":"https:\/\/timtierneyottawa.ca\/index.php?rest_route=\/wp\/v2\/posts"}],"about":[{"href":"https:\/\/timtierneyottawa.ca\/index.php?rest_route=\/wp\/v2\/types\/post"}],"author":[{"embeddable":true,"href":"https:\/\/timtierneyottawa.ca\/index.php?rest_route=\/wp\/v2\/users\/3"}],"replies":[{"embeddable":true,"href":"https:\/\/timtierneyottawa.ca\/index.php?rest_route=%2Fwp%2Fv2%2Fcomments&post=3041"}],"version-history":[{"count":3,"href":"https:\/\/timtierneyottawa.ca\/index.php?rest_route=\/wp\/v2\/posts\/3041\/revisions"}],"predecessor-version":[{"id":3054,"href":"https:\/\/timtierneyottawa.ca\/index.php?rest_route=\/wp\/v2\/posts\/3041\/revisions\/3054"}],"wp:featuredmedia":[{"embeddable":true,"href":"https:\/\/timtierneyottawa.ca\/index.php?rest_route=\/wp\/v2\/media\/3048"}],"wp:attachment":[{"href":"https:\/\/timtierneyottawa.ca\/index.php?rest_route=%2Fwp%2Fv2%2Fmedia&parent=3041"}],"wp:term":[{"taxonomy":"category","embeddable":true,"href":"https:\/\/timtierneyottawa.ca\/index.php?rest_route=%2Fwp%2Fv2%2Fcategories&post=3041"},{"taxonomy":"post_tag","embeddable":true,"href":"https:\/\/timtierneyottawa.ca\/index.php?rest_route=%2Fwp%2Fv2%2Ftags&post=3041"}],"curies":[{"name":"wp","href":"https:\/\/api.w.org\/{rel}","templated":true}]}}