{"id":3145,"date":"2025-05-09T18:53:43","date_gmt":"2025-05-09T18:53:43","guid":{"rendered":"https:\/\/timtierneyottawa.ca\/?p=3145"},"modified":"2025-05-09T18:53:43","modified_gmt":"2025-05-09T18:53:43","slug":"lecole-secondaire-lester-b-pearson-celebre-50-ans-dexcellence-de-leadership-et-dheritage","status":"publish","type":"post","link":"https:\/\/timtierneyottawa.ca\/?p=3145&lang=fr","title":{"rendered":"L\u2019\u00c9cole secondaire Lester B. Pearson c\u00e9l\u00e8bre 50 ans d\u2019excellence, de leadership et d\u2019h\u00e9ritage"},"content":{"rendered":"<p class=\"\" data-start=\"240\" data-end=\"562\">Ce printemps, l\u2019\u00c9cole secondaire Lester B. Pearson \u2014 un pilier de l\u2019est d\u2019Ottawa \u2014 a franchi une \u00e9tape importante : son 50e anniversaire. Plus qu\u2019une c\u00e9l\u00e9bration, cet \u00e9v\u00e9nement a rappel\u00e9 avec force ce qui se produit lorsqu\u2019une \u00e9cole devient bien plus qu\u2019un simple b\u00e2timent \u2014 lorsqu\u2019elle devient un phare de croissance, de communaut\u00e9 et d\u2019appartenance.<\/p>\n<p class=\"\" data-start=\"564\" data-end=\"621\">Ce fut un honneur de participer \u00e0 cette occasion m\u00e9morable.<\/p>\n<h3 class=\"\" data-start=\"623\" data-end=\"650\">Un h\u00e9ritage d\u2019autonomisation<img loading=\"lazy\" decoding=\"async\" class=\"alignright wp-image-3134 \" src=\"https:\/\/timtierneyottawa.ca\/wp-content\/uploads\/2025\/05\/IMG_2209-scaled.jpg\" alt=\"\" width=\"289\" height=\"217\" srcset=\"https:\/\/timtierneyottawa.ca\/wp-content\/uploads\/2025\/05\/IMG_2209-scaled.jpg 2560w, https:\/\/timtierneyottawa.ca\/wp-content\/uploads\/2025\/05\/IMG_2209-300x225.jpg 300w, https:\/\/timtierneyottawa.ca\/wp-content\/uploads\/2025\/05\/IMG_2209-1024x768.jpg 1024w, https:\/\/timtierneyottawa.ca\/wp-content\/uploads\/2025\/05\/IMG_2209-768x576.jpg 768w, https:\/\/timtierneyottawa.ca\/wp-content\/uploads\/2025\/05\/IMG_2209-1536x1152.jpg 1536w, https:\/\/timtierneyottawa.ca\/wp-content\/uploads\/2025\/05\/IMG_2209-2048x1536.jpg 2048w, https:\/\/timtierneyottawa.ca\/wp-content\/uploads\/2025\/05\/IMG_2209-600x450.jpg 600w\" sizes=\"auto, (max-width: 289px) 100vw, 289px\" \/><\/h3>\n<p class=\"\" data-start=\"652\" data-end=\"1006\">Depuis cinq d\u00e9cennies, Lester B. Pearson t\u00e9moigne de ce qui est possible lorsque les jeunes sont encourag\u00e9s \u00e0 apprendre, \u00e0 croire en eux-m\u00eames et \u00e0 s\u2019engager pleinement dans le monde qui les entoure. La c\u00e9l\u00e9bration du 50e anniversaire refl\u00e9tait cet esprit durable \u2014 remplie de joie, de gratitude et d\u2019une grande fiert\u00e9 envers l\u2019h\u00e9ritage de l\u2019\u00e9cole et son avenir.<\/p>\n<p class=\"\" data-start=\"1008\" data-end=\"1171\">L\u2019\u00e9v\u00e9nement a r\u00e9uni \u00e9l\u00e8ves, membres du personnel, anciens, membres de la communaut\u00e9 et invit\u00e9s de marque \u2014 tous porteurs d\u2019un lien personnel avec cette \u00e9cole exceptionnelle.<\/p>\n<h3 class=\"\" data-start=\"1173\" data-end=\"1199\">Une c\u00e9r\u00e9monie inoubliable<img loading=\"lazy\" decoding=\"async\" class=\"alignright wp-image-3136 \" src=\"https:\/\/timtierneyottawa.ca\/wp-content\/uploads\/2025\/05\/IMG_2122-scaled.jpg\" alt=\"\" width=\"289\" height=\"217\" srcset=\"https:\/\/timtierneyottawa.ca\/wp-content\/uploads\/2025\/05\/IMG_2122-scaled.jpg 2560w, https:\/\/timtierneyottawa.ca\/wp-content\/uploads\/2025\/05\/IMG_2122-300x225.jpg 300w, https:\/\/timtierneyottawa.ca\/wp-content\/uploads\/2025\/05\/IMG_2122-1024x768.jpg 1024w, https:\/\/timtierneyottawa.ca\/wp-content\/uploads\/2025\/05\/IMG_2122-768x576.jpg 768w, https:\/\/timtierneyottawa.ca\/wp-content\/uploads\/2025\/05\/IMG_2122-1536x1152.jpg 1536w, https:\/\/timtierneyottawa.ca\/wp-content\/uploads\/2025\/05\/IMG_2122-2048x1536.jpg 2048w, https:\/\/timtierneyottawa.ca\/wp-content\/uploads\/2025\/05\/IMG_2122-600x450.jpg 600w\" sizes=\"auto, (max-width: 289px) 100vw, 289px\" \/><\/h3>\n<p class=\"\" data-start=\"1201\" data-end=\"1384\">La c\u00e9l\u00e9bration a \u00e9t\u00e9 anim\u00e9e avec brio par deux \u00e9l\u00e8ves ma\u00eetres de c\u00e9r\u00e9monie, <strong data-start=\"1266\" data-end=\"1287\">Lucas et Brandon<\/strong>, qui incarnaient la confiance et le leadership que l\u2019\u00e9cole Lester B. Pearson cultive depuis des g\u00e9n\u00e9rations.<\/p>\n<p class=\"\" data-start=\"1386\" data-end=\"1611\"><strong data-start=\"1386\" data-end=\"1408\">La directrice Cossette<\/strong> a ouvert la c\u00e9r\u00e9monie avec un discours sinc\u00e8re, soulignant le parcours de l\u2019\u00e9cole et son engagement envers la croissance, l\u2019innovation et l\u2019inclusion. Ses paroles ont donn\u00e9 le ton \u00e0 une journ\u00e9e \u00e0 la fois r\u00e9fl\u00e9chie et tourn\u00e9e vers l\u2019avenir.<\/p>\n<p class=\"\" data-start=\"1613\" data-end=\"1898\"><strong data-start=\"1613\" data-end=\"1628\">Tom D\u2019Amico<\/strong>, directeur de l\u2019\u00e9ducation au Conseil scolaire catholique d\u2019Ottawa \u2014 et ancien enseignant \u00e0 Lester B. Pearson \u2014 a partag\u00e9 son lien personnel avec la communaut\u00e9 scolaire. Son retour en tant que dirigeant du syst\u00e8me fut un moment marquant, illustrant l\u2019impact durable de l\u2019\u00e9cole.<\/p>\n<h3 class=\"\" data-start=\"1900\" data-end=\"1931\">Un hommage \u00e0 un h\u00e9ritage national<img loading=\"lazy\" decoding=\"async\" class=\"alignright wp-image-3138 \" src=\"https:\/\/timtierneyottawa.ca\/wp-content\/uploads\/2025\/05\/IMG_2198-scaled.jpg\" alt=\"\" width=\"305\" height=\"229\" srcset=\"https:\/\/timtierneyottawa.ca\/wp-content\/uploads\/2025\/05\/IMG_2198-scaled.jpg 2560w, https:\/\/timtierneyottawa.ca\/wp-content\/uploads\/2025\/05\/IMG_2198-300x225.jpg 300w, https:\/\/timtierneyottawa.ca\/wp-content\/uploads\/2025\/05\/IMG_2198-1024x768.jpg 1024w, https:\/\/timtierneyottawa.ca\/wp-content\/uploads\/2025\/05\/IMG_2198-768x576.jpg 768w, https:\/\/timtierneyottawa.ca\/wp-content\/uploads\/2025\/05\/IMG_2198-1536x1152.jpg 1536w, https:\/\/timtierneyottawa.ca\/wp-content\/uploads\/2025\/05\/IMG_2198-2048x1536.jpg 2048w, https:\/\/timtierneyottawa.ca\/wp-content\/uploads\/2025\/05\/IMG_2198-600x450.jpg 600w\" sizes=\"auto, (max-width: 305px) 100vw, 305px\" \/><\/h3>\n<p class=\"\" data-start=\"1933\" data-end=\"2288\">Un moment particuli\u00e8rement \u00e9mouvant fut la pr\u00e9sence de <strong data-start=\"1990\" data-end=\"2013\">M. Michael Pearson<\/strong>, petit-fils de Lester B. Pearson \u2014 ancien premier ministre du Canada et laur\u00e9at du prix Nobel de la paix. Son discours a offert un lien rare et personnel avec le nom de l\u2019\u00e9cole, rappelant \u00e0 tous les valeurs de diplomatie, d\u2019\u00e9ducation et de service public qui ont inspir\u00e9 sa fondation.<\/p>\n<h3 class=\"\" data-start=\"2290\" data-end=\"2332\">Communaut\u00e9, cr\u00e9ativit\u00e9 et c\u00e9l\u00e9bration<img loading=\"lazy\" decoding=\"async\" class=\"alignright wp-image-3140 \" src=\"https:\/\/timtierneyottawa.ca\/wp-content\/uploads\/2025\/05\/download.jpg\" alt=\"\" width=\"361\" height=\"271\" srcset=\"https:\/\/timtierneyottawa.ca\/wp-content\/uploads\/2025\/05\/download.jpg 1024w, https:\/\/timtierneyottawa.ca\/wp-content\/uploads\/2025\/05\/download-300x225.jpg 300w, https:\/\/timtierneyottawa.ca\/wp-content\/uploads\/2025\/05\/download-768x576.jpg 768w, https:\/\/timtierneyottawa.ca\/wp-content\/uploads\/2025\/05\/download-600x450.jpg 600w\" sizes=\"auto, (max-width: 361px) 100vw, 361px\" \/><\/h3>\n<p class=\"\" data-start=\"2334\" data-end=\"2639\">Tout au long de la journ\u00e9e, l\u2019esprit de Pearson brillait de mille feux \u2014 des prestations artistiques des \u00e9l\u00e8ves aux \u0153uvres expos\u00e9es, en passant par des r\u00e9flexions sur la diversit\u00e9 et des pri\u00e8res \u00e9mouvantes. Le programme a su allier hommages touchants et moments festifs, incluant un festival gastronomique international et, bien s\u00fbr, un g\u00e2teau d\u2019anniversaire digne de l\u2019occasion.<\/p>\n<p class=\"\" data-start=\"2641\" data-end=\"2869\">Mais au-del\u00e0 des discours et des c\u00e9l\u00e9brations, un message s\u2019est impos\u00e9 : <strong data-start=\"2692\" data-end=\"2755\">l\u2019\u00c9cole secondaire Lester B. Pearson continue de vivre sa mission<\/strong>. Elle ouvre des portes, \u00e9veille les esprits et unit les gens autour de valeurs communes d\u2019apprentissage, de respect et de participation.<\/p>\n<p class=\"\" data-start=\"2871\" data-end=\"3030\">L\u2019histoire de l\u2019\u00e9cole ne s\u2019\u00e9crit pas seulement dans les livres ou sur les banni\u00e8res, mais dans les vies de ses \u00e9l\u00e8ves, de son personnel et de ses anciens \u2014 chacun perp\u00e9tuant son h\u00e9ritage \u00e0 sa fa\u00e7on.<\/p>\n<h3 class=\"\" data-start=\"3032\" data-end=\"3063\">Cap sur les 50 prochaines ann\u00e9es<img loading=\"lazy\" decoding=\"async\" class=\"alignright wp-image-3142 \" src=\"https:\/\/timtierneyottawa.ca\/wp-content\/uploads\/2025\/05\/download-1.jpg\" alt=\"\" width=\"191\" height=\"255\" srcset=\"https:\/\/timtierneyottawa.ca\/wp-content\/uploads\/2025\/05\/download-1.jpg 768w, https:\/\/timtierneyottawa.ca\/wp-content\/uploads\/2025\/05\/download-1-225x300.jpg 225w, https:\/\/timtierneyottawa.ca\/wp-content\/uploads\/2025\/05\/download-1-600x800.jpg 600w\" sizes=\"auto, (max-width: 191px) 100vw, 191px\" \/><\/h3>\n<p class=\"\" data-start=\"3065\" data-end=\"3216\">En regardant vers l\u2019avenir, une chose est certaine : l\u2019\u00c9cole secondaire Lester B. Pearson continuera de mener avec <strong data-start=\"3175\" data-end=\"3215\">c\u0153ur, engagement et esprit communautaire<\/strong>.<\/p>\n<p class=\"\" data-start=\"3218\" data-end=\"3265\"><strong data-start=\"3218\" data-end=\"3265\">Joyeux 50e anniversaire, Lester B. Pearson. Go Panthers!<\/strong><\/p>\n","protected":false},"excerpt":{"rendered":"<p>Le 50e anniversaire de l\u2019\u00c9cole secondaire Lester B. Pearson fut une c\u00e9l\u00e9bration marquante de cinq d\u00e9cennies d\u2019excellence, de communaut\u00e9 et de l\u2019h\u00e9ritage durable d\u2019une \u00e9cole qui continue d\u2019inspirer et de valoriser les jeunes.<\/p>\n","protected":false},"author":3,"featured_media":3133,"comment_status":"open","ping_status":"open","sticky":false,"template":"","format":"standard","meta":{"give_campaign_id":0,"_monsterinsights_skip_tracking":false,"_monsterinsights_sitenote_active":false,"_monsterinsights_sitenote_note":"","_monsterinsights_sitenote_category":0,"footnotes":""},"categories":[72],"tags":[],"class_list":["post-3145","post","type-post","status-publish","format-standard","has-post-thumbnail","hentry","category-notre-communaute"],"aioseo_notices":[],"rttpg_featured_image_url":{"full":["https:\/\/timtierneyottawa.ca\/wp-content\/uploads\/2025\/05\/IMG_2159-scaled.jpg",2560,1920,false],"landscape":["https:\/\/timtierneyottawa.ca\/wp-content\/uploads\/2025\/05\/IMG_2159-scaled.jpg",2560,1920,false],"portraits":["https:\/\/timtierneyottawa.ca\/wp-content\/uploads\/2025\/05\/IMG_2159-scaled.jpg",2560,1920,false],"thumbnail":["https:\/\/timtierneyottawa.ca\/wp-content\/uploads\/2025\/05\/IMG_2159-150x150.jpg",150,150,true],"medium":["https:\/\/timtierneyottawa.ca\/wp-content\/uploads\/2025\/05\/IMG_2159-300x225.jpg",300,225,true],"large":["https:\/\/timtierneyottawa.ca\/wp-content\/uploads\/2025\/05\/IMG_2159-1024x768.jpg",1024,768,true],"1536x1536":["https:\/\/timtierneyottawa.ca\/wp-content\/uploads\/2025\/05\/IMG_2159-1536x1152.jpg",1536,1152,true],"2048x2048":["https:\/\/timtierneyottawa.ca\/wp-content\/uploads\/2025\/05\/IMG_2159-2048x1536.jpg",2048,1536,true],"inforward-post-grid":["https:\/\/timtierneyottawa.ca\/wp-content\/uploads\/2025\/05\/IMG_2159-750x450.jpg",750,450,true],"inforward-full":["https:\/\/timtierneyottawa.ca\/wp-content\/uploads\/2025\/05\/IMG_2159-1920x480.jpg",1920,480,true],"inforward-post-full":["https:\/\/timtierneyottawa.ca\/wp-content\/uploads\/2025\/05\/IMG_2159-1140x600.jpg",1140,600,true],"inforward-related-posts-image":["https:\/\/timtierneyottawa.ca\/wp-content\/uploads\/2025\/05\/IMG_2159-230x150.jpg",230,150,true],"inforward-portfolio-small-image":["https:\/\/timtierneyottawa.ca\/wp-content\/uploads\/2025\/05\/IMG_2159-360x260.jpg",360,260,true],"inforward-portfolio-big-image":["https:\/\/timtierneyottawa.ca\/wp-content\/uploads\/2025\/05\/IMG_2159-555x380.jpg",555,380,true],"inforward-testimonial":["https:\/\/timtierneyottawa.ca\/wp-content\/uploads\/2025\/05\/IMG_2159-263x263.jpg",263,263,true],"inforward-events-slider":["https:\/\/timtierneyottawa.ca\/wp-content\/uploads\/2025\/05\/IMG_2159-768x300.jpg",768,300,true],"woocommerce_thumbnail":["https:\/\/timtierneyottawa.ca\/wp-content\/uploads\/2025\/05\/IMG_2159-300x300.jpg",300,300,true],"woocommerce_single":["https:\/\/timtierneyottawa.ca\/wp-content\/uploads\/2025\/05\/IMG_2159-600x450.jpg",600,450,true],"woocommerce_gallery_thumbnail":["https:\/\/timtierneyottawa.ca\/wp-content\/uploads\/2025\/05\/IMG_2159-100x100.jpg",100,100,true],"rt_custom":["https:\/\/timtierneyottawa.ca\/wp-content\/uploads\/2025\/05\/IMG_2159-scaled.jpg",2560,1920,false]},"rttpg_author":{"display_name":"Andrea Shane","author_link":"https:\/\/timtierneyottawa.ca\/?author=3"},"rttpg_comment":0,"rttpg_category":"<a href=\"https:\/\/timtierneyottawa.ca\/?cat=72&#038;lang=fr\" rel=\"category\">Notre communaut\u00e9<\/a>","rttpg_excerpt":"Le 50e anniversaire de l\u2019\u00c9cole secondaire Lester B. Pearson fut une c\u00e9l\u00e9bration marquante de cinq d\u00e9cennies d\u2019excellence, de communaut\u00e9 et de l\u2019h\u00e9ritage durable d\u2019une \u00e9cole qui continue d\u2019inspirer et de valoriser les jeunes.","_links":{"self":[{"href":"https:\/\/timtierneyottawa.ca\/index.php?rest_route=\/wp\/v2\/posts\/3145","targetHints":{"allow":["GET"]}}],"collection":[{"href":"https:\/\/timtierneyottawa.ca\/index.php?rest_route=\/wp\/v2\/posts"}],"about":[{"href":"https:\/\/timtierneyottawa.ca\/index.php?rest_route=\/wp\/v2\/types\/post"}],"author":[{"embeddable":true,"href":"https:\/\/timtierneyottawa.ca\/index.php?rest_route=\/wp\/v2\/users\/3"}],"replies":[{"embeddable":true,"href":"https:\/\/timtierneyottawa.ca\/index.php?rest_route=%2Fwp%2Fv2%2Fcomments&post=3145"}],"version-history":[{"count":0,"href":"https:\/\/timtierneyottawa.ca\/index.php?rest_route=\/wp\/v2\/posts\/3145\/revisions"}],"wp:featuredmedia":[{"embeddable":true,"href":"https:\/\/timtierneyottawa.ca\/index.php?rest_route=\/wp\/v2\/media\/3133"}],"wp:attachment":[{"href":"https:\/\/timtierneyottawa.ca\/index.php?rest_route=%2Fwp%2Fv2%2Fmedia&parent=3145"}],"wp:term":[{"taxonomy":"category","embeddable":true,"href":"https:\/\/timtierneyottawa.ca\/index.php?rest_route=%2Fwp%2Fv2%2Fcategories&post=3145"},{"taxonomy":"post_tag","embeddable":true,"href":"https:\/\/timtierneyottawa.ca\/index.php?rest_route=%2Fwp%2Fv2%2Ftags&post=3145"}],"curies":[{"name":"wp","href":"https:\/\/api.w.org\/{rel}","templated":true}]}}