{"id":3209,"date":"2025-05-27T14:31:52","date_gmt":"2025-05-27T14:31:52","guid":{"rendered":"https:\/\/timtierneyottawa.ca\/?p=3209"},"modified":"2025-05-27T14:34:51","modified_gmt":"2025-05-27T14:34:51","slug":"allier-innovation-et-infrastructure-reflexions-sur-its-canada-2025","status":"publish","type":"post","link":"https:\/\/timtierneyottawa.ca\/?p=3209&lang=fr","title":{"rendered":"Allier innovation et infrastructure : r\u00e9flexions sur ITS Canada 2025"},"content":{"rendered":"<p data-start=\"244\" data-end=\"669\"><img loading=\"lazy\" decoding=\"async\" class=\"wp-image-3191 alignright\" src=\"https:\/\/timtierneyottawa.ca\/wp-content\/uploads\/2025\/05\/500114170_10171549044015451_1166872777134703209_n.jpg\" alt=\"\" width=\"213\" height=\"213\" srcset=\"https:\/\/timtierneyottawa.ca\/wp-content\/uploads\/2025\/05\/500114170_10171549044015451_1166872777134703209_n.jpg 600w, https:\/\/timtierneyottawa.ca\/wp-content\/uploads\/2025\/05\/500114170_10171549044015451_1166872777134703209_n-300x300.jpg 300w, https:\/\/timtierneyottawa.ca\/wp-content\/uploads\/2025\/05\/500114170_10171549044015451_1166872777134703209_n-150x150.jpg 150w, https:\/\/timtierneyottawa.ca\/wp-content\/uploads\/2025\/05\/500114170_10171549044015451_1166872777134703209_n-263x263.jpg 263w, https:\/\/timtierneyottawa.ca\/wp-content\/uploads\/2025\/05\/500114170_10171549044015451_1166872777134703209_n-100x100.jpg 100w\" sizes=\"auto, (max-width: 213px) 100vw, 213px\" \/>Alors que nous concluons une derni\u00e8re journ\u00e9e dynamique et inspirante \u00e0 <strong data-start=\"296\" data-end=\"315\">ITS Canada 2025<\/strong>, un sentiment clair se d\u00e9gage : nous sommes \u00e0 la crois\u00e9e des chemins entre possibilit\u00e9s et responsabilit\u00e9s. Le congr\u00e8s a rassembl\u00e9 des leaders de l\u2019industrie, des d\u00e9cideurs, des chercheurs et des repr\u00e9sentants municipaux de partout au pays\u2014tous r\u00e9unis pour repenser l\u2019avenir du transport, des infrastructures et de la mobilit\u00e9 urbaine \u00e0 travers le prisme de l\u2019innovation.<\/p>\n<p data-start=\"671\" data-end=\"1158\">Le th\u00e8me de cette ann\u00e9e \u00e9tait clair : <strong data-start=\"700\" data-end=\"815\">comment exploiter les technologies \u00e9mergentes\u2014en particulier l\u2019IA g\u00e9n\u00e9rative\u2014pour b\u00e2tir des collectivit\u00e9s plus intelligentes et plus r\u00e9silientes?<\/strong> Durant trois journ\u00e9es de dialogues, de collaboration et de partage de connaissances, une id\u00e9e centrale s\u2019est impos\u00e9e. Le potentiel transformateur de l\u2019IA et des outils num\u00e9riques est \u00e9norme, mais leur int\u00e9gration r\u00e9ussie dans les syst\u00e8mes publics n\u00e9cessite une gouvernance r\u00e9fl\u00e9chie, un leadership \u00e9thique et, surtout, un engagement \u00e0 livrer une v\u00e9ritable valeur ajout\u00e9e \u00e0 la population.<\/p>\n<h3 data-start=\"1160\" data-end=\"1198\">IA g\u00e9n\u00e9rative : de l\u2019engouement \u00e0 l\u2019impact<img loading=\"lazy\" decoding=\"async\" class=\"wp-image-3193 alignright\" src=\"https:\/\/timtierneyottawa.ca\/wp-content\/uploads\/2025\/05\/500765647_10171549043715451_8076837292666529473_n.jpg\" alt=\"\" width=\"317\" height=\"317\" srcset=\"https:\/\/timtierneyottawa.ca\/wp-content\/uploads\/2025\/05\/500765647_10171549043715451_8076837292666529473_n.jpg 600w, https:\/\/timtierneyottawa.ca\/wp-content\/uploads\/2025\/05\/500765647_10171549043715451_8076837292666529473_n-300x300.jpg 300w, https:\/\/timtierneyottawa.ca\/wp-content\/uploads\/2025\/05\/500765647_10171549043715451_8076837292666529473_n-150x150.jpg 150w, https:\/\/timtierneyottawa.ca\/wp-content\/uploads\/2025\/05\/500765647_10171549043715451_8076837292666529473_n-263x263.jpg 263w, https:\/\/timtierneyottawa.ca\/wp-content\/uploads\/2025\/05\/500765647_10171549043715451_8076837292666529473_n-100x100.jpg 100w\" sizes=\"auto, (max-width: 317px) 100vw, 317px\" \/><\/h3>\n<p data-start=\"1200\" data-end=\"1706\">Parmi les sujets les plus discut\u00e9s tout au long de l\u2019\u00e9v\u00e9nement figurait le r\u00f4le croissant de <strong data-start=\"1281\" data-end=\"1298\">l\u2019IA g\u00e9n\u00e9rative<\/strong> dans les infrastructures publiques. Nous avons entendu des exemples convaincants de l\u2019impact r\u00e9el de cette technologie\u2014de l\u2019am\u00e9lioration de la d\u00e9tection pr\u00e9coce du cancer en sant\u00e9, \u00e0 la mod\u00e9lisation plus pr\u00e9cise pour la <strong data-start=\"1503\" data-end=\"1541\">pr\u00e9vision des ph\u00e9nom\u00e8nes m\u00e9t\u00e9orologiques extr\u00eames<\/strong> et des catastrophes naturelles. Ces cas d\u2019usage soulignent le potentiel de l\u2019IA non seulement pour optimiser les syst\u00e8mes, mais aussi pour sauver des vies et am\u00e9liorer la planification \u00e0 long terme dans divers secteurs.<\/p>\n<p data-start=\"1708\" data-end=\"2068\">Mais \u00e0 cet optimisme s\u2019ajoute un message constant : il faut avancer avec prudence, clart\u00e9 et en gardant les communaut\u00e9s \u00e0 l\u2019esprit. La question n\u2019est pas seulement de savoir ce que l\u2019IA <em data-start=\"1859\" data-end=\"1864\">peut<\/em> faire, mais <strong data-start=\"1873\" data-end=\"1904\">ce qu\u2019elle <em data-start=\"1883\" data-end=\"1891\">devrait<\/em> faire\u2014et comment<\/strong>. Comment s\u2019assurer que ces innovations soient inclusives, transparentes et \u00e9quitables? Comment int\u00e9grer des garde-fous et une supervision d\u00e8s les premi\u00e8res \u00e9tapes de d\u00e9veloppement?<\/p>\n<h3 data-start=\"2070\" data-end=\"2116\">Tim Papandreou : penser en syst\u00e8mes<img loading=\"lazy\" decoding=\"async\" class=\"wp-image-3195 alignright\" src=\"https:\/\/timtierneyottawa.ca\/wp-content\/uploads\/2025\/05\/499825074_10171549043850451_6834390559701009169_n.jpg\" alt=\"\" width=\"329\" height=\"329\" srcset=\"https:\/\/timtierneyottawa.ca\/wp-content\/uploads\/2025\/05\/499825074_10171549043850451_6834390559701009169_n.jpg 600w, https:\/\/timtierneyottawa.ca\/wp-content\/uploads\/2025\/05\/499825074_10171549043850451_6834390559701009169_n-300x300.jpg 300w, https:\/\/timtierneyottawa.ca\/wp-content\/uploads\/2025\/05\/499825074_10171549043850451_6834390559701009169_n-150x150.jpg 150w, https:\/\/timtierneyottawa.ca\/wp-content\/uploads\/2025\/05\/499825074_10171549043850451_6834390559701009169_n-263x263.jpg 263w, https:\/\/timtierneyottawa.ca\/wp-content\/uploads\/2025\/05\/499825074_10171549043850451_6834390559701009169_n-100x100.jpg 100w\" sizes=\"auto, (max-width: 329px) 100vw, 329px\" \/><\/h3>\n<p data-start=\"2118\" data-end=\"2470\">Un moment marquant a \u00e9t\u00e9 la conf\u00e9rence d\u2019ouverture de <strong data-start=\"2165\" data-end=\"2183\">Tim Papandreou<\/strong>, strat\u00e8ge renomm\u00e9 en mobilit\u00e9 urbaine et ancien conseiller de Google X, la Moonshot Factory du g\u00e9ant technologique. Reconnu pour son travail de pionnier dans les transports et les villes intelligentes, Papandreou a livr\u00e9 un message puissant : il faut passer de l\u2019innovation isol\u00e9e \u00e0 une <strong data-start=\"2443\" data-end=\"2469\">pens\u00e9e syst\u00e9mique<\/strong>.<\/p>\n<p data-start=\"2472\" data-end=\"2853\">Son message a r\u00e9sonn\u00e9 fortement : une transformation r\u00e9elle ne se r\u00e9alise pas \u00e0 travers des technologies tape-\u00e0-l\u2019\u0153il ou des projets pilotes ponctuels. Elle se produit lorsque l\u2019innovation est align\u00e9e avec les besoins des communaut\u00e9s, les cadres politiques et une planification d\u2019infrastructure \u00e0 long terme. Il nous a exhort\u00e9s \u00e0 d\u00e9passer l\u2019effet de nouveaut\u00e9 pour viser la cr\u00e9ation de <strong data-start=\"2760\" data-end=\"2784\">r\u00e9sultats concrets<\/strong> : l\u2019acc\u00e8s \u00e9quitable, la r\u00e9silience climatique et la s\u00e9curit\u00e9 pour tous les usagers de la route.<\/p>\n<p data-start=\"2855\" data-end=\"3058\">Des navettes autonomes aux syst\u00e8mes de circulation fond\u00e9s sur les donn\u00e9es, Papandreou a soulign\u00e9 que l\u2019innovation ne repose pas uniquement sur les outils\u2014elle d\u00e9pend de <strong data-start=\"2996\" data-end=\"3011\">notre leadership<\/strong>, de notre capacit\u00e9 \u00e0 inclure, et des priorit\u00e9s que nous fixons collectivement.<\/p>\n<h3 data-start=\"3060\" data-end=\"3102\">Un moment charni\u00e8re pour le leadership local<\/h3>\n<p data-start=\"3104\" data-end=\"3435\">\u00c0 titre de <strong data-start=\"3107\" data-end=\"3182\">premier vice-pr\u00e9sident de la F\u00e9d\u00e9ration canadienne des municipalit\u00e9s (FCM)<\/strong>, j\u2019ai trouv\u00e9 ce moment de r\u00e9flexion particuli\u00e8rement pertinent. Alors que les discussions nationales sur l\u2019innovation num\u00e9rique et la gouvernance de l\u2019IA s\u2019intensifient\u2014notamment avec la nomination r\u00e9cente du <strong data-start=\"3372\" data-end=\"3397\">ministre Evan Solomon<\/strong>\u2014le Canada se trouve \u00e0 un tournant strat\u00e9gique.<\/p>\n<p data-start=\"3437\" data-end=\"3805\">Les municipalit\u00e9s sont aux premi\u00e8res lignes de ces transformations. De la modernisation du transport collectif aux investissements dans les infrastructures intelligentes, c\u2019est \u00e0 l\u2019\u00e9chelle locale que l\u2019innovation prend forme. Et si les gouvernements f\u00e9d\u00e9ral et provinciaux ont un r\u00f4le cl\u00e9 \u00e0 jouer, ce sont souvent nos villes qui pilotent, adaptent et mettent en \u0153uvre les technologies de mani\u00e8re concr\u00e8te et durable.<\/p>\n<p data-start=\"3807\" data-end=\"4021\">C\u2019est pourquoi des forums comme ITS Canada sont si essentiels. Ils favorisent la collaboration intersectorielle et veillent \u00e0 ce que les voix municipales soient non seulement entendues, mais qu\u2019elles orientent activement les politiques et l\u2019innovation.<\/p>\n<h3 data-start=\"4023\" data-end=\"4075\">Regard vers l\u2019avenir : des collectivit\u00e9s pr\u00eates pour demain<img loading=\"lazy\" decoding=\"async\" class=\"wp-image-3199 alignright\" src=\"https:\/\/timtierneyottawa.ca\/wp-content\/uploads\/2025\/05\/500710362_10171549043805451_7024607026448063946_n.jpg\" alt=\"\" width=\"276\" height=\"368\" srcset=\"https:\/\/timtierneyottawa.ca\/wp-content\/uploads\/2025\/05\/500710362_10171549043805451_7024607026448063946_n.jpg 600w, https:\/\/timtierneyottawa.ca\/wp-content\/uploads\/2025\/05\/500710362_10171549043805451_7024607026448063946_n-225x300.jpg 225w\" sizes=\"auto, (max-width: 276px) 100vw, 276px\" \/><\/h3>\n<p data-start=\"4077\" data-end=\"4442\">Le d\u00e9fi qui nous attend est clair : combler l\u2019\u00e9cart entre technologies \u00e9mergentes et r\u00e9alit\u00e9s quotidiennes. Cela signifie concevoir des syst\u00e8mes qui profitent \u00e0 tous les r\u00e9sidents\u2014et pas seulement aux plus connect\u00e9s. Cela exige des investissements dans la litt\u00e9ratie num\u00e9rique, les infrastructures num\u00e9riques et les cadres \u00e9thiques qui permettront \u00e0 l\u2019IA et aux autres innovations de v\u00e9ritablement servir l\u2019int\u00e9r\u00eat public.<\/p>\n<p data-start=\"4444\" data-end=\"4746\">Ce futur n\u2019est pas quelque chose que nous pouvons attendre passivement\u2014c\u2019est un avenir que nous devons <strong data-start=\"4517\" data-end=\"4535\">construire activement<\/strong>. Avec une vision audacieuse, un leadership responsable et une collaboration \u00e0 tous les niveaux de gouvernement, nous avons les moyens d\u2019assurer que la prochaine g\u00e9n\u00e9ration de mobilit\u00e9 soit plus accessible, durable et r\u00e9siliente que jamais.<\/p>\n<p data-start=\"4748\" data-end=\"5083\">ITS Canada 2025 nous a rappel\u00e9 qu\u2019en d\u00e9pit de l\u2019acc\u00e9l\u00e9ration de l\u2019innovation, <strong data-start=\"4835\" data-end=\"4903\">le besoin d\u2019un leadership r\u00e9fl\u00e9chi et inclusif n\u2019a jamais \u00e9t\u00e9 aussi grand<\/strong>. En tant que leaders locaux, notre r\u00f4le est de faire en sorte que cet \u00e9lan technologique m\u00e8ne \u00e0 des retomb\u00e9es concr\u00e8tes, centr\u00e9es sur les communaut\u00e9s\u2014et que personne ne soit laiss\u00e9 pour compte dans la transition vers un avenir plus intelligent.<\/p>\n","protected":false},"excerpt":{"rendered":"<p>Des r\u00e9flexions issues d\u2019ITS Canada 2025 soulignent l\u2019urgence d\u2019un leadership responsable alors que l\u2019IA g\u00e9n\u00e9rative et les infrastructures intelligentes red\u00e9finissent l\u2019avenir de la mobilit\u00e9 dans les collectivit\u00e9s canadiennes.<\/p>\n","protected":false},"author":3,"featured_media":3190,"comment_status":"open","ping_status":"open","sticky":false,"template":"","format":"standard","meta":{"give_campaign_id":0,"_monsterinsights_skip_tracking":false,"_monsterinsights_sitenote_active":false,"_monsterinsights_sitenote_note":"","_monsterinsights_sitenote_category":0,"footnotes":""},"categories":[77],"tags":[],"class_list":["post-3209","post","type-post","status-publish","format-standard","has-post-thumbnail","hentry","category-news-fr"],"aioseo_notices":[],"rttpg_featured_image_url":{"full":["https:\/\/timtierneyottawa.ca\/wp-content\/uploads\/2025\/05\/500766570_10171549043685451_664733132656148518_n.jpg",600,600,false],"landscape":["https:\/\/timtierneyottawa.ca\/wp-content\/uploads\/2025\/05\/500766570_10171549043685451_664733132656148518_n.jpg",600,600,false],"portraits":["https:\/\/timtierneyottawa.ca\/wp-content\/uploads\/2025\/05\/500766570_10171549043685451_664733132656148518_n.jpg",600,600,false],"thumbnail":["https:\/\/timtierneyottawa.ca\/wp-content\/uploads\/2025\/05\/500766570_10171549043685451_664733132656148518_n-150x150.jpg",150,150,true],"medium":["https:\/\/timtierneyottawa.ca\/wp-content\/uploads\/2025\/05\/500766570_10171549043685451_664733132656148518_n-300x300.jpg",300,300,true],"large":["https:\/\/timtierneyottawa.ca\/wp-content\/uploads\/2025\/05\/500766570_10171549043685451_664733132656148518_n.jpg",600,600,false],"1536x1536":["https:\/\/timtierneyottawa.ca\/wp-content\/uploads\/2025\/05\/500766570_10171549043685451_664733132656148518_n.jpg",600,600,false],"2048x2048":["https:\/\/timtierneyottawa.ca\/wp-content\/uploads\/2025\/05\/500766570_10171549043685451_664733132656148518_n.jpg",600,600,false],"inforward-post-grid":["https:\/\/timtierneyottawa.ca\/wp-content\/uploads\/2025\/05\/500766570_10171549043685451_664733132656148518_n-600x450.jpg",600,450,true],"inforward-full":["https:\/\/timtierneyottawa.ca\/wp-content\/uploads\/2025\/05\/500766570_10171549043685451_664733132656148518_n-600x480.jpg",600,480,true],"inforward-post-full":["https:\/\/timtierneyottawa.ca\/wp-content\/uploads\/2025\/05\/500766570_10171549043685451_664733132656148518_n.jpg",600,600,false],"inforward-related-posts-image":["https:\/\/timtierneyottawa.ca\/wp-content\/uploads\/2025\/05\/500766570_10171549043685451_664733132656148518_n-230x150.jpg",230,150,true],"inforward-portfolio-small-image":["https:\/\/timtierneyottawa.ca\/wp-content\/uploads\/2025\/05\/500766570_10171549043685451_664733132656148518_n-360x260.jpg",360,260,true],"inforward-portfolio-big-image":["https:\/\/timtierneyottawa.ca\/wp-content\/uploads\/2025\/05\/500766570_10171549043685451_664733132656148518_n-555x380.jpg",555,380,true],"inforward-testimonial":["https:\/\/timtierneyottawa.ca\/wp-content\/uploads\/2025\/05\/500766570_10171549043685451_664733132656148518_n-263x263.jpg",263,263,true],"inforward-events-slider":["https:\/\/timtierneyottawa.ca\/wp-content\/uploads\/2025\/05\/500766570_10171549043685451_664733132656148518_n-600x300.jpg",600,300,true],"woocommerce_thumbnail":["https:\/\/timtierneyottawa.ca\/wp-content\/uploads\/2025\/05\/500766570_10171549043685451_664733132656148518_n-300x300.jpg",300,300,true],"woocommerce_single":["https:\/\/timtierneyottawa.ca\/wp-content\/uploads\/2025\/05\/500766570_10171549043685451_664733132656148518_n.jpg",600,600,false],"woocommerce_gallery_thumbnail":["https:\/\/timtierneyottawa.ca\/wp-content\/uploads\/2025\/05\/500766570_10171549043685451_664733132656148518_n-100x100.jpg",100,100,true],"rt_custom":["https:\/\/timtierneyottawa.ca\/wp-content\/uploads\/2025\/05\/500766570_10171549043685451_664733132656148518_n.jpg",600,600,false]},"rttpg_author":{"display_name":"Andrea Shane","author_link":"https:\/\/timtierneyottawa.ca\/?author=3"},"rttpg_comment":0,"rttpg_category":"<a href=\"https:\/\/timtierneyottawa.ca\/?cat=77&#038;lang=fr\" rel=\"category\">Nouvelles<\/a>","rttpg_excerpt":"Des r\u00e9flexions issues d\u2019ITS Canada 2025 soulignent l\u2019urgence d\u2019un leadership responsable alors que l\u2019IA g\u00e9n\u00e9rative et les infrastructures intelligentes red\u00e9finissent l\u2019avenir de la mobilit\u00e9 dans les collectivit\u00e9s canadiennes.","_links":{"self":[{"href":"https:\/\/timtierneyottawa.ca\/index.php?rest_route=\/wp\/v2\/posts\/3209","targetHints":{"allow":["GET"]}}],"collection":[{"href":"https:\/\/timtierneyottawa.ca\/index.php?rest_route=\/wp\/v2\/posts"}],"about":[{"href":"https:\/\/timtierneyottawa.ca\/index.php?rest_route=\/wp\/v2\/types\/post"}],"author":[{"embeddable":true,"href":"https:\/\/timtierneyottawa.ca\/index.php?rest_route=\/wp\/v2\/users\/3"}],"replies":[{"embeddable":true,"href":"https:\/\/timtierneyottawa.ca\/index.php?rest_route=%2Fwp%2Fv2%2Fcomments&post=3209"}],"version-history":[{"count":1,"href":"https:\/\/timtierneyottawa.ca\/index.php?rest_route=\/wp\/v2\/posts\/3209\/revisions"}],"predecessor-version":[{"id":3212,"href":"https:\/\/timtierneyottawa.ca\/index.php?rest_route=\/wp\/v2\/posts\/3209\/revisions\/3212"}],"wp:featuredmedia":[{"embeddable":true,"href":"https:\/\/timtierneyottawa.ca\/index.php?rest_route=\/wp\/v2\/media\/3190"}],"wp:attachment":[{"href":"https:\/\/timtierneyottawa.ca\/index.php?rest_route=%2Fwp%2Fv2%2Fmedia&parent=3209"}],"wp:term":[{"taxonomy":"category","embeddable":true,"href":"https:\/\/timtierneyottawa.ca\/index.php?rest_route=%2Fwp%2Fv2%2Fcategories&post=3209"},{"taxonomy":"post_tag","embeddable":true,"href":"https:\/\/timtierneyottawa.ca\/index.php?rest_route=%2Fwp%2Fv2%2Ftags&post=3209"}],"curies":[{"name":"wp","href":"https:\/\/api.w.org\/{rel}","templated":true}]}}