{"id":4057,"date":"2026-03-11T15:02:07","date_gmt":"2026-03-11T15:02:07","guid":{"rendered":"https:\/\/timtierneyottawa.ca\/?p=4057"},"modified":"2026-03-12T14:12:59","modified_gmt":"2026-03-12T14:12:59","slug":"visite-a-la-societe-de-la-demence-dottawa-et-du-comte-de-renfrew","status":"publish","type":"post","link":"https:\/\/timtierneyottawa.ca\/?p=4057&lang=fr","title":{"rendered":"Visite \u00e0 la Soci\u00e9t\u00e9 de la d\u00e9mence d\u2019Ottawa et du comt\u00e9 de Renfrew"},"content":{"rendered":"<p class=\"isSelectedEnd\">Mars est le Mois de la sant\u00e9 du cerveau, et j\u2019ai r\u00e9cemment eu l\u2019occasion de visiter la Soci\u00e9t\u00e9 de la d\u00e9mence d\u2019Ottawa et du comt\u00e9 de Renfrew afin d\u2019en apprendre davantage sur l\u2019important travail que leur \u00e9quipe accomplit pour soutenir les familles de notre communaut\u00e9.<\/p>\n<p class=\"isSelectedEnd\">Lors de cette visite, nous avons \u00e9galement enregistr\u00e9 un \u00e9pisode de O-Town: Tout Sur Ottawa, o\u00f9 nous avons discut\u00e9 de la sant\u00e9 du cerveau, de l\u2019impact croissant de la d\u00e9mence et des programmes offerts aux personnes vivant avec la d\u00e9mence ainsi qu\u2019aux proches aidants qui les accompagnent.<\/p>\n<div class=\"wp-playlist wp-video-playlist wp-playlist-light\">\n\t\t<video controls=\"controls\" preload=\"none\" width=\"1118\"\n\t\t height=\"629\"\t><\/video>\n\t<div class=\"wp-playlist-next\"><\/div>\n\t<div class=\"wp-playlist-prev\"><\/div>\n\t<noscript>\n\t<ol>\n\t\t<li><a href='https:\/\/timtierneyottawa.ca\/wp-content\/uploads\/2026\/03\/dementiafinal2.mp4'>dementiasociety<\/a><\/li>\t<\/ol>\n\t<\/noscript>\n\t<script type=\"application\/json\" class=\"wp-playlist-script\">{\"type\":\"video\",\"tracklist\":true,\"tracknumbers\":true,\"images\":true,\"artists\":true,\"tracks\":[{\"src\":\"https:\/\/timtierneyottawa.ca\/wp-content\/uploads\/2026\/03\/dementiafinal2.mp4\",\"type\":\"video\/mp4\",\"title\":\"dementiasociety\",\"caption\":\"\",\"description\":\"\",\"meta\":{\"length_formatted\":\"14:17\"},\"dimensions\":{\"original\":{\"width\":1920,\"height\":1080},\"resized\":{\"width\":1118,\"height\":629}},\"image\":{\"src\":\"https:\/\/timtierneyottawa.ca\/wp-includes\/images\/media\/video.svg\",\"width\":48,\"height\":64},\"thumb\":{\"src\":\"https:\/\/timtierneyottawa.ca\/wp-includes\/images\/media\/video.svg\",\"width\":48,\"height\":64}}]}<\/script>\n<\/div>\n\t\n<p class=\"isSelectedEnd\">Ce fut une excellente occasion de passer du temps avec l\u2019\u00e9quipe d\u00e9vou\u00e9e qui fait de cet organisme une ressource si importante \u00e0 Ottawa. Merci \u00e0 Monique, Kara, Wes, Carole et toute l&#8217;\u00e9quipe pour l\u2019accueil chaleureux et pour avoir partag\u00e9 leurs connaissances et leurs exp\u00e9riences lors de notre visite.<\/p>\n<p class=\"isSelectedEnd\">La Soci\u00e9t\u00e9 de la d\u00e9mence d\u2019Ottawa et du comt\u00e9 de Renfrew offre des programmes, de la formation et des services de soutien aux personnes vivant avec la d\u00e9mence, aux proches aidants, aux familles et aux membres de la communaut\u00e9 qui souhaitent en apprendre davantage sur la sant\u00e9 du cerveau. Plusieurs de leurs programmes et activit\u00e9s sont offerts gratuitement, ce qui permet aux familles d\u2019acc\u00e9der \u00e0 du soutien, de l\u2019information et \u00e0 des activit\u00e9s significatives sans obstacles financiers.<\/p>\n<p class=\"isSelectedEnd\">Leur calendrier d\u2019activit\u00e9s comprend des groupes de soutien, des programmes de bien-\u00eatre, des activit\u00e9s sociales et des occasions d\u2019apprentissage con\u00e7ues pour aider les participants \u00e0 demeurer engag\u00e9s et soutenus.<\/p>\n<p class=\"isSelectedEnd\">Ces programmes sont essentiels, car la d\u00e9mence touche non seulement la personne qui re\u00e7oit le diagnostic, mais aussi ses proches aidants et sa famille. Dans la r\u00e9gion d\u2019Ottawa et de Renfrew, pr\u00e8s de 24 000 personnes \u00e2g\u00e9es de plus de 65 ans vivent avec la d\u00e9mence, et ce nombre devrait doubler d\u2019ici 2030.<\/p>\n<p class=\"isSelectedEnd\">Lors de la visite, j\u2019ai appris davantage sur plusieurs programmes qui favorisent l\u2019engagement et la participation des personnes touch\u00e9es. Par exemple, le programme Caf\u00e9 Marguerite offre un espace social accueillant o\u00f9 les personnes vivant avec une d\u00e9mence \u00e0 un stade pr\u00e9coce ou interm\u00e9diaire peuvent participer \u00e0 des activit\u00e9s comme des jeux-questionnaires, de la musique, des jeux et des activit\u00e9s artistiques, tandis que les proches aidants peuvent \u00e9changer avec d\u2019autres personnes vivant des exp\u00e9riences similaires.<\/p>\n<p class=\"isSelectedEnd\">D\u2019autres initiatives comprennent des programmes artistiques et culturels, comme le programme SPARK! en partenariat avec le Mus\u00e9e des beaux-arts du Canada, o\u00f9 les participants explorent l\u2019art ensemble dans un environnement favorable. Il existe \u00e9galement des s\u00e9ances interactives utilisant des technologies comme Obie, une plateforme de jeux \u00e0 capteur de mouvement qui encourage l\u2019activit\u00e9 physique, la coordination et la stimulation cognitive.<\/p>\n<p class=\"isSelectedEnd\">En plus des activit\u00e9s et des programmes sociaux, l\u2019organisme offre aussi de l\u2019\u00e9ducation et de l\u2019accompagnement gr\u00e2ce aux conseillers en soins de la d\u00e9mence, qui fournissent un soutien personnalis\u00e9 et aident les familles \u00e0 s\u2019orienter parmi les services disponibles et la planification des soins. Ces soutiens jouent un r\u00f4le important pour aider les familles \u00e0 mieux comprendre la d\u00e9mence et pour permettre aux personnes vivant avec cette condition de continuer \u00e0 participer activement \u00e0 leur communaut\u00e9.<\/p>\n<p class=\"isSelectedEnd\">Si vous ou quelqu\u2019un que vous connaissez vivez avec la d\u00e9mence, ou si vous soutenez un proche dans ce parcours, il est important de savoir que vous n\u2019\u00eates pas seuls. La Soci\u00e9t\u00e9 de la d\u00e9mence d\u2019Ottawa et du comt\u00e9 de Renfrew offre des programmes gratuits, des ressources et de l\u2019accompagnement pour aider les familles \u00e0 naviguer les d\u00e9fis li\u00e9s \u00e0 la d\u00e9mence et \u00e0 rester connect\u00e9es \u00e0 une communaut\u00e9 de soutien.<\/p>\n<p class=\"isSelectedEnd\">Coordonn\u00e9es<\/p>\n<p class=\"isSelectedEnd\">Soci\u00e9t\u00e9 de la d\u00e9mence d\u2019Ottawa et du comt\u00e9 de Renfrew<br \/>\n500-2327, boulevard St-Laurent<br \/>\nOttawa (Ontario) K1G 4J8<\/p>\n<p class=\"isSelectedEnd\">T\u00e9l\u00e9phone : 613-523-4004<br \/>\nSans frais : 888-411-2067<br \/>\nT\u00e9l\u00e9copieur : 613-523-8522<br \/>\nCourriel : <a href=\"mailto:info@dsorc.org\">info@dsorc.org<\/a><br \/>\nSite Web : <a href=\"https:\/\/dementiahelp.ca\">https:\/\/dementiahelp.ca<\/a><\/p>\n<p>Heures d\u2019ouverture<br \/>\nDu lundi au vendredi<br \/>\n8 h 30 \u00e0 16 h<\/p>\n","protected":false},"excerpt":{"rendered":"<p>J\u2019ai r\u00e9cemment visit\u00e9 la Soci\u00e9t\u00e9 de la d\u00e9mence d\u2019Ottawa et du comt\u00e9 de Renfrew pendant le Mois de la sant\u00e9 du cerveau afin d\u2019en apprendre davantage sur les programmes gratuits, les services et le soutien qu\u2019elle offre aux personnes vivant avec la d\u00e9mence ainsi qu\u2019aux proches aidants et aux familles qui les accompagnent.<\/p>\n","protected":false},"author":3,"featured_media":4055,"comment_status":"open","ping_status":"open","sticky":false,"template":"","format":"standard","meta":{"give_campaign_id":0,"_monsterinsights_skip_tracking":false,"_monsterinsights_sitenote_active":false,"_monsterinsights_sitenote_note":"","_monsterinsights_sitenote_category":0,"footnotes":""},"categories":[72],"tags":[],"class_list":["post-4057","post","type-post","status-publish","format-standard","has-post-thumbnail","hentry","category-notre-communaute"],"aioseo_notices":[],"rttpg_featured_image_url":{"full":["https:\/\/timtierneyottawa.ca\/wp-content\/uploads\/2026\/03\/Untitled-design.jpg",1920,1080,false],"landscape":["https:\/\/timtierneyottawa.ca\/wp-content\/uploads\/2026\/03\/Untitled-design.jpg",1920,1080,false],"portraits":["https:\/\/timtierneyottawa.ca\/wp-content\/uploads\/2026\/03\/Untitled-design.jpg",1920,1080,false],"thumbnail":["https:\/\/timtierneyottawa.ca\/wp-content\/uploads\/2026\/03\/Untitled-design-150x150.jpg",150,150,true],"medium":["https:\/\/timtierneyottawa.ca\/wp-content\/uploads\/2026\/03\/Untitled-design-300x169.jpg",300,169,true],"large":["https:\/\/timtierneyottawa.ca\/wp-content\/uploads\/2026\/03\/Untitled-design-1024x576.jpg",1024,576,true],"1536x1536":["https:\/\/timtierneyottawa.ca\/wp-content\/uploads\/2026\/03\/Untitled-design-1536x864.jpg",1536,864,true],"2048x2048":["https:\/\/timtierneyottawa.ca\/wp-content\/uploads\/2026\/03\/Untitled-design.jpg",1920,1080,false],"inforward-post-grid":["https:\/\/timtierneyottawa.ca\/wp-content\/uploads\/2026\/03\/Untitled-design-750x450.jpg",750,450,true],"inforward-full":["https:\/\/timtierneyottawa.ca\/wp-content\/uploads\/2026\/03\/Untitled-design-1920x480.jpg",1920,480,true],"inforward-post-full":["https:\/\/timtierneyottawa.ca\/wp-content\/uploads\/2026\/03\/Untitled-design-1140x600.jpg",1140,600,true],"inforward-related-posts-image":["https:\/\/timtierneyottawa.ca\/wp-content\/uploads\/2026\/03\/Untitled-design-230x150.jpg",230,150,true],"inforward-portfolio-small-image":["https:\/\/timtierneyottawa.ca\/wp-content\/uploads\/2026\/03\/Untitled-design-360x260.jpg",360,260,true],"inforward-portfolio-big-image":["https:\/\/timtierneyottawa.ca\/wp-content\/uploads\/2026\/03\/Untitled-design-555x380.jpg",555,380,true],"inforward-testimonial":["https:\/\/timtierneyottawa.ca\/wp-content\/uploads\/2026\/03\/Untitled-design-263x263.jpg",263,263,true],"inforward-events-slider":["https:\/\/timtierneyottawa.ca\/wp-content\/uploads\/2026\/03\/Untitled-design-768x300.jpg",768,300,true],"woocommerce_thumbnail":["https:\/\/timtierneyottawa.ca\/wp-content\/uploads\/2026\/03\/Untitled-design-300x300.jpg",300,300,true],"woocommerce_single":["https:\/\/timtierneyottawa.ca\/wp-content\/uploads\/2026\/03\/Untitled-design-600x338.jpg",600,338,true],"woocommerce_gallery_thumbnail":["https:\/\/timtierneyottawa.ca\/wp-content\/uploads\/2026\/03\/Untitled-design-100x100.jpg",100,100,true],"rt_custom":["https:\/\/timtierneyottawa.ca\/wp-content\/uploads\/2026\/03\/Untitled-design.jpg",1920,1080,false]},"rttpg_author":{"display_name":"Andrea Shane","author_link":"https:\/\/timtierneyottawa.ca\/?author=3"},"rttpg_comment":0,"rttpg_category":"<a href=\"https:\/\/timtierneyottawa.ca\/?cat=72&#038;lang=fr\" rel=\"category\">Notre communaut\u00e9<\/a>","rttpg_excerpt":"J\u2019ai r\u00e9cemment visit\u00e9 la Soci\u00e9t\u00e9 de la d\u00e9mence d\u2019Ottawa et du comt\u00e9 de Renfrew pendant le Mois de la sant\u00e9 du cerveau afin d\u2019en apprendre davantage sur les programmes gratuits, les services et le soutien qu\u2019elle offre aux personnes vivant avec la d\u00e9mence ainsi qu\u2019aux proches aidants et aux familles qui les accompagnent.","_links":{"self":[{"href":"https:\/\/timtierneyottawa.ca\/index.php?rest_route=\/wp\/v2\/posts\/4057","targetHints":{"allow":["GET"]}}],"collection":[{"href":"https:\/\/timtierneyottawa.ca\/index.php?rest_route=\/wp\/v2\/posts"}],"about":[{"href":"https:\/\/timtierneyottawa.ca\/index.php?rest_route=\/wp\/v2\/types\/post"}],"author":[{"embeddable":true,"href":"https:\/\/timtierneyottawa.ca\/index.php?rest_route=\/wp\/v2\/users\/3"}],"replies":[{"embeddable":true,"href":"https:\/\/timtierneyottawa.ca\/index.php?rest_route=%2Fwp%2Fv2%2Fcomments&post=4057"}],"version-history":[{"count":2,"href":"https:\/\/timtierneyottawa.ca\/index.php?rest_route=\/wp\/v2\/posts\/4057\/revisions"}],"predecessor-version":[{"id":4074,"href":"https:\/\/timtierneyottawa.ca\/index.php?rest_route=\/wp\/v2\/posts\/4057\/revisions\/4074"}],"wp:featuredmedia":[{"embeddable":true,"href":"https:\/\/timtierneyottawa.ca\/index.php?rest_route=\/wp\/v2\/media\/4055"}],"wp:attachment":[{"href":"https:\/\/timtierneyottawa.ca\/index.php?rest_route=%2Fwp%2Fv2%2Fmedia&parent=4057"}],"wp:term":[{"taxonomy":"category","embeddable":true,"href":"https:\/\/timtierneyottawa.ca\/index.php?rest_route=%2Fwp%2Fv2%2Fcategories&post=4057"},{"taxonomy":"post_tag","embeddable":true,"href":"https:\/\/timtierneyottawa.ca\/index.php?rest_route=%2Fwp%2Fv2%2Ftags&post=4057"}],"curies":[{"name":"wp","href":"https:\/\/api.w.org\/{rel}","templated":true}]}}